{"id":6875,"date":"2025-12-03T14:56:33","date_gmt":"2025-12-03T14:56:33","guid":{"rendered":"https:\/\/orallagos.pt\/orthodontie-ladolescence-est-elle-le-meilleur-et-le-seul-moment-pour-se-faire-traiter\/"},"modified":"2025-12-09T14:49:11","modified_gmt":"2025-12-09T14:49:11","slug":"orthodontie-ladolescence-est-elle-le-meilleur-et-le-seul-moment-pour-se-faire-traiter","status":"publish","type":"post","link":"https:\/\/orallagos.pt\/fr\/orthodontie-ladolescence-est-elle-le-meilleur-et-le-seul-moment-pour-se-faire-traiter\/","title":{"rendered":"Orthodontie : l&#8217;adolescence est-elle le meilleur et le seul moment pour se faire traiter ?"},"content":{"rendered":"\t\t<div data-elementor-type=\"wp-post\" data-elementor-id=\"6875\" class=\"elementor elementor-6875 elementor-6742\" data-elementor-post-type=\"post\">\n\t\t\t\t<div class=\"elementor-element elementor-element-a116013 e-con-full e-flex pxl-column-none pxl-row-scroll-none pxl-zoom-point-false pxl-section-overflow-visible pxl-section-fix-none pxl-full-content-with-space-none pxl-bg-color-none pxl-section-overlay-none e-con e-parent \" data-id=\"a116013\" data-element_type=\"container\" data-e-type=\"container\"><div class=\"elementor-element elementor-element-f52710b e-con-full e-flex pxl-column-none pxl-row-scroll-none pxl-zoom-point-false pxl-section-overflow-visible pxl-section-fix-none pxl-full-content-with-space-none pxl-bg-color-none pxl-section-overlay-none e-con e-child \" data-id=\"f52710b\" data-element_type=\"container\" data-e-type=\"container\">\t\t<div class=\"elementor-element elementor-element-2fb3570 elementor-widget elementor-widget-pxl_image\" data-id=\"2fb3570\" data-element_type=\"widget\" data-e-type=\"widget\" data-widget_type=\"pxl_image.default\">\n\t\t\t\t<div class=\"elementor-widget-container\">\n\t\t\t\t\t<div id=\"pxl_image-2fb3570-2413\" class=\"pxl-image-single  style-default \" data-wow-delay=\"ms\" >\r\n    <div class=\"pxl-item--inner \" data-wow-delay=\"120ms\">\r\n        \r\n                                <div class=\"pxl-item--bg bg-image \" data-wow-delay=\"ms\" style=\"background-image: url(https:\/\/orallagos.pt\/wp-content\/uploads\/2025\/12\/pleased-woman-dental-braces-taking-selfie-scaled.avif);\"><\/div>\r\n                                <\/div>\r\n<\/div>\t\t\t\t<\/div>\n\t\t\t\t<\/div>\n\t\t\t\t<\/div>\r\n\t\t<div class=\"elementor-element elementor-element-65e0f5b e-con-full e-flex pxl-column-none pxl-row-scroll-none pxl-zoom-point-false pxl-section-overflow-visible pxl-section-fix-none pxl-full-content-with-space-none pxl-bg-color-none pxl-section-overlay-none e-con e-child \" data-id=\"65e0f5b\" data-element_type=\"container\" data-e-type=\"container\">\t\t<div class=\"elementor-element elementor-element-e8f9019 elementor-widget elementor-widget-text-editor\" data-id=\"e8f9019\" data-element_type=\"widget\" data-e-type=\"widget\" data-widget_type=\"text-editor.default\">\n\t\t\t\t\t\t\t\t\t<div class=\"sidebar\"><a href=\"https:\/\/sonrisas.bqdentalcenters.es\/orallagos\/23\/ortodontia-adolescencia-melhor-altura\/\"><strong>Article r\u00e9dig\u00e9 par :<\/strong> Dr Carmen Lorente <\/a><\/div>\n<div class=\"c-wrapper-content\">\n<div class=\"c-full seccion_1\">\n<div class=\"c-wrapper\">&nbsp;<\/div>\n<\/div>\n<\/div>\t\t\t\t\t\t\t\t<\/div>\n\t\t\t\t<div class=\"elementor-element elementor-element-2929c54 elementor-widget elementor-widget-pxl_heading\" data-id=\"2929c54\" data-element_type=\"widget\" data-e-type=\"widget\" data-widget_type=\"pxl_heading.default\">\n\t\t\t\t<div class=\"elementor-widget-container\">\n\t\t\t\t\t<div id=\"pxl-pxl_heading-2929c54-2880\" class=\"pxl-heading px-sub-title-default-style\">\n\t<div class=\"pxl-heading--inner\">\n\t\t\n\t\t\n\t\t<h2 class=\"pxl-item--title \" data-wow-delay=\"ms\">\n\t\t\tL&#8217;adolescence est-elle le meilleur et le seul moment pour suivre un traitement orthodontique ?\t\t\n\t\t<\/h2>\n\n\t\t\t\t\n\t<\/div>\n<\/div>\t\t\t\t<\/div>\n\t\t\t\t<\/div>\n\t\t\t\t<div class=\"elementor-element elementor-element-9f549c3 elementor-widget elementor-widget-text-editor\" data-id=\"9f549c3\" data-element_type=\"widget\" data-e-type=\"widget\" data-widget_type=\"text-editor.default\">\n\t\t\t\t\t\t\t\t\t<p>Pendant des d\u00e9cennies, l&#8217;orthodontie a \u00e9t\u00e9 principalement associ\u00e9e \u00e0 l&#8217;adolescence. Cette p\u00e9riode de la vie o\u00f9, outre les changements physiques et \u00e9motionnels, les dents sont souvent au centre de l&#8217;attention. <\/p><p><strong>Mais l&#8217;adolescence est-elle vraiment le meilleur et le seul moment pour corriger les probl\u00e8mes dentaires ?<\/strong><\/p><p>La r\u00e9ponse est plus complexe qu&#8217;il n&#8217;y para\u00eet et refl\u00e8te l&#8217;\u00e9volution de l&#8217;orthodontie au fil du temps.<\/p>\t\t\t\t\t\t\t\t<\/div>\n\t\t\t\t<\/div>\r\n\t\t\t\t<\/div>\r\n\t\t<div class=\"elementor-element elementor-element-a8ad8eb e-flex e-con-boxed pxl-column-none pxl-row-scroll-none pxl-zoom-point-false pxl-section-overflow-visible pxl-section-fix-none pxl-full-content-with-space-none pxl-bg-color-none pxl-section-overlay-none e-con e-parent \" data-id=\"a8ad8eb\" data-element_type=\"container\" data-e-type=\"container\">\t\t\t<div class=\"e-con-inner\">\r\n\t\t\t\t<div class=\"elementor-element elementor-element-f77d708 elementor-widget elementor-widget-pxl_heading\" data-id=\"f77d708\" data-element_type=\"widget\" data-e-type=\"widget\" data-widget_type=\"pxl_heading.default\">\n\t\t\t\t<div class=\"elementor-widget-container\">\n\t\t\t\t\t<div id=\"pxl-pxl_heading-f77d708-9147\" class=\"pxl-heading px-sub-title-default-style\">\n\t<div class=\"pxl-heading--inner\">\n\t\t\n\t\t\n\t\t<h2 class=\"pxl-item--title \" data-wow-delay=\"ms\">\n\t\t\tAdolescence : une p\u00e9riode id\u00e9ale, mais pas exclusive\t\t\n\t\t<\/h2>\n\n\t\t\t\t\n\t<\/div>\n<\/div>\t\t\t\t<\/div>\n\t\t\t\t<\/div>\n\t\t\t\t<div class=\"elementor-element elementor-element-0bb0c7b elementor-widget elementor-widget-text-editor\" data-id=\"0bb0c7b\" data-element_type=\"widget\" data-e-type=\"widget\" data-widget_type=\"text-editor.default\">\n\t\t\t\t\t\t\t\t\t<div class=\"c-full seccion_2\"><div class=\"c-wrapper\"><p class=\"inner-text js-ani fadeInElementInner\">L&#8217;adolescence, g\u00e9n\u00e9ralement entre <strong>12 et 18 ans<\/strong>, est consid\u00e9r\u00e9e comme le moment id\u00e9al pour un<a href=\"https:\/\/orallagos.pt\/tratamentos\/ortodontia\/\"> traitement orthodontique,<\/a> tant pour des raisons biologiques que pratiques.<\/p><p class=\"inner-text js-ani fadeInElementInner\">Au cours de cette phase, les os maxillaires sont encore en d\u00e9veloppement, ce qui f<strong>acilite la correction des probl\u00e8mes squelettiques<\/strong> et dentaires. Les malocclusions telles que les encombrements, les supraclusions (classe II) ou les b\u00e9ances sont plus faciles \u00e0 traiter lorsque les structures osseuses sont en pleine croissance.<\/p><p>De plus, l&#8217;adolescence marque g\u00e9n\u00e9ralement <strong>la fin de la pouss\u00e9e des dents d\u00e9finitives<\/strong>, ce qui permet \u00e0 l&#8217;orthodontiste de traiter les probl\u00e8mes de mani\u00e8re globale. D&#8217;autre part, le traitement \u00e0 ce stade est souvent mieux <strong>accept\u00e9 socialement<\/strong>, car il est courant de voir des jeunes porter des appareils dentaires ou <a href=\"https:\/\/orallagos.pt\/fr\/service\/orthodontie-invisible\/\">des goutti\u00e8res transparentes.<\/a> <\/p><p>Cependant, cela ne signifie pas que l&#8217;adolescence soit le seul moment propice au traitement orthodontique.<\/p><\/div><\/div>\t\t\t\t\t\t\t\t<\/div>\n\t\t\t\t<div class=\"elementor-element elementor-element-9ba6b82 elementor-widget elementor-widget-image\" data-id=\"9ba6b82\" data-element_type=\"widget\" data-e-type=\"widget\" data-widget_type=\"image.default\">\n\t\t\t\t\t\t\t\t\t\t\t\t\t\t\t<img fetchpriority=\"high\" decoding=\"async\" width=\"1024\" height=\"683\" src=\"https:\/\/orallagos.pt\/wp-content\/uploads\/2025\/12\/beautiful-girl-sitting-dentist-s-office-1024x683.avif\" class=\"attachment-large size-large wp-image-6803\" alt=\"\" srcset=\"https:\/\/orallagos.pt\/wp-content\/uploads\/2025\/12\/beautiful-girl-sitting-dentist-s-office-1024x683.avif 1024w, https:\/\/orallagos.pt\/wp-content\/uploads\/2025\/12\/beautiful-girl-sitting-dentist-s-office-300x200.avif 300w, https:\/\/orallagos.pt\/wp-content\/uploads\/2025\/12\/beautiful-girl-sitting-dentist-s-office-768x512.avif 768w, https:\/\/orallagos.pt\/wp-content\/uploads\/2025\/12\/beautiful-girl-sitting-dentist-s-office-1536x1024.avif 1536w, https:\/\/orallagos.pt\/wp-content\/uploads\/2025\/12\/beautiful-girl-sitting-dentist-s-office-2048x1365.avif 2048w, https:\/\/orallagos.pt\/wp-content\/uploads\/2025\/12\/beautiful-girl-sitting-dentist-s-office-1125x750.avif 1125w\" sizes=\"(max-width: 1024px) 100vw, 1024px\" \/>\t\t\t\t\t\t\t\t\t\t\t\t\t\t\t<\/div>\n\t\t\t\t\t<\/div>\r\n\t\t\t\t<\/div>\r\n\t\t<div class=\"elementor-element elementor-element-3ddbdb9 e-flex e-con-boxed pxl-column-none pxl-row-scroll-none pxl-zoom-point-false pxl-section-overflow-visible pxl-section-fix-none pxl-full-content-with-space-none pxl-bg-color-none pxl-section-overlay-none e-con e-parent \" data-id=\"3ddbdb9\" data-element_type=\"container\" data-e-type=\"container\">\t\t\t<div class=\"e-con-inner\">\r\n\t\t<div class=\"elementor-element elementor-element-0a726b2 e-con-full e-flex pxl-column-none pxl-row-scroll-none pxl-zoom-point-false pxl-section-overflow-visible pxl-section-fix-none pxl-full-content-with-space-none pxl-bg-color-none pxl-section-overlay-none e-con e-child \" data-id=\"0a726b2\" data-element_type=\"container\" data-e-type=\"container\">\t\t<div class=\"elementor-element elementor-element-02d6f47 elementor-widget elementor-widget-pxl_heading\" data-id=\"02d6f47\" data-element_type=\"widget\" data-e-type=\"widget\" data-widget_type=\"pxl_heading.default\">\n\t\t\t\t<div class=\"elementor-widget-container\">\n\t\t\t\t\t<div id=\"pxl-pxl_heading-02d6f47-6931\" class=\"pxl-heading px-sub-title-default-style\">\n\t<div class=\"pxl-heading--inner\">\n\t\t\n\t\t\n\t\t<h2 class=\"pxl-item--title \" data-wow-delay=\"ms\">\n\t\t\tOrthodontie pour adultes : une r\u00e9alit\u00e9 de plus en plus courante\t\t\n\t\t<\/h2>\n\n\t\t\t\t\n\t<\/div>\n<\/div>\t\t\t\t<\/div>\n\t\t\t\t<\/div>\n\t\t\t\t<div class=\"elementor-element elementor-element-9ecfc41 elementor-widget elementor-widget-text-editor\" data-id=\"9ecfc41\" data-element_type=\"widget\" data-e-type=\"widget\" data-widget_type=\"text-editor.default\">\n\t\t\t\t\t\t\t\t\t<div class=\"c-full seccion_2\"><div class=\"c-wrapper\"><p class=\"inner-text js-ani fadeInElementInner\">Au cours des derni\u00e8res d\u00e9cennies, le nombre d&#8217;adultes qui ont recours \u00e0 un traitement orthodontique a consid\u00e9rablement augment\u00e9. Selon la Soci\u00e9t\u00e9 espagnole d&#8217;orthodontie (SEDO), environ 25 % des patients actuels sont des adultes. Cela s&#8217;explique en partie par les progr\u00e8s technologiques r\u00e9alis\u00e9s dans ce domaine, tels que les<a href=\"https:\/\/orallagos.pt\/tratamentos\/ortodontia\/\"> bagues esth\u00e9tiques<\/a> ou les aligneurs transparents, qui offrent des solutions discr\u00e8tes et efficaces.  <\/p><p>Bien que la croissance osseuse soit arr\u00eat\u00e9e chez les adultes, il est toujours possible de d\u00e9placer les dents \u00e0 l&#8217;aide de forces m\u00e9caniques. Les r\u00e9sultats du traitement sont tout aussi efficaces, m\u00eame s&#8217;il peut y avoir davantage de contraintes (implants, dents manquantes,<a href=\"https:\/\/orallagos.pt\/tratamentos\/periodontologia\/\"> maladie parodontale<\/a>, etc.). <\/p><\/div><\/div>\t\t\t\t\t\t\t\t<\/div>\n\t\t\t\t<\/div>\r\n\t\t<div class=\"elementor-element elementor-element-1d34f65 e-con-full e-flex pxl-column-none pxl-row-scroll-none pxl-zoom-point-false pxl-section-overflow-visible pxl-section-fix-none pxl-full-content-with-space-none pxl-bg-color-none pxl-section-overlay-none e-con e-child \" data-id=\"1d34f65\" data-element_type=\"container\" data-e-type=\"container\">\t\t<div class=\"elementor-element elementor-element-a79ba0c elementor-widget elementor-widget-image\" data-id=\"a79ba0c\" data-element_type=\"widget\" data-e-type=\"widget\" data-widget_type=\"image.default\">\n\t\t\t\t\t\t\t\t\t\t\t\t\t\t\t<img decoding=\"async\" width=\"909\" height=\"1024\" src=\"https:\/\/orallagos.pt\/wp-content\/uploads\/2025\/12\/funny-portraits-909x1024.avif\" class=\"attachment-large size-large wp-image-6804\" alt=\"\" srcset=\"https:\/\/orallagos.pt\/wp-content\/uploads\/2025\/12\/funny-portraits-909x1024.avif 909w, https:\/\/orallagos.pt\/wp-content\/uploads\/2025\/12\/funny-portraits-266x300.avif 266w, https:\/\/orallagos.pt\/wp-content\/uploads\/2025\/12\/funny-portraits-768x865.avif 768w, https:\/\/orallagos.pt\/wp-content\/uploads\/2025\/12\/funny-portraits-1363x1536.avif 1363w, https:\/\/orallagos.pt\/wp-content\/uploads\/2025\/12\/funny-portraits-1818x2048.avif 1818w, https:\/\/orallagos.pt\/wp-content\/uploads\/2025\/12\/funny-portraits-666x750.avif 666w\" sizes=\"(max-width: 909px) 100vw, 909px\" \/>\t\t\t\t\t\t\t\t\t\t\t\t\t\t\t<\/div>\n\t\t\t\t<\/div>\r\n\t\t\t\t\t<\/div>\r\n\t\t\t\t<\/div>\r\n\t\t<div class=\"elementor-element elementor-element-8054901 e-flex e-con-boxed pxl-column-none pxl-row-scroll-none pxl-zoom-point-false pxl-section-overflow-visible pxl-section-fix-none pxl-full-content-with-space-none pxl-bg-color-none pxl-section-overlay-none e-con e-parent \" data-id=\"8054901\" data-element_type=\"container\" data-e-type=\"container\">\t\t\t<div class=\"e-con-inner\">\r\n\t\t\t\t<div class=\"elementor-element elementor-element-71c1877 elementor-widget elementor-widget-text-editor\" data-id=\"71c1877\" data-element_type=\"widget\" data-e-type=\"widget\" data-widget_type=\"text-editor.default\">\n\t\t\t\t\t\t\t\t\t<div class=\"c-full seccion_2\"><div class=\"c-wrapper\"><div class=\"c-full seccion_3\"><div class=\"c-wrapper\"><p class=\"inner-text js-ani fadeInElementInner\">De plus, de nombreux adultes d\u00e9cident de commencer un traitement orthodontique pour corriger des probl\u00e8mes qui n&#8217;ont pas \u00e9t\u00e9 trait\u00e9s dans leur jeunesse ou pour r\u00e9soudre des complications associ\u00e9es, telles que l&#8217;usure des dents, des difficult\u00e9s \u00e0 m\u00e2cher ou des probl\u00e8mes d&#8217;articulation temporo-mandibulaire (ATM).<\/p><\/div><\/div><\/div><\/div>\t\t\t\t\t\t\t\t<\/div>\n\t\t\t\t\t<\/div>\r\n\t\t\t\t<\/div>\r\n\t\t<div class=\"elementor-element elementor-element-01453e9 e-flex e-con-boxed pxl-column-none pxl-row-scroll-none pxl-zoom-point-false pxl-section-overflow-visible pxl-section-fix-none pxl-full-content-with-space-none pxl-bg-color-none pxl-section-overlay-none e-con e-parent \" data-id=\"01453e9\" data-element_type=\"container\" data-e-type=\"container\">\t\t\t<div class=\"e-con-inner\">\r\n\t\t<div class=\"elementor-element elementor-element-e877d06 e-con-full e-flex pxl-column-none pxl-row-scroll-none pxl-zoom-point-false pxl-section-overflow-visible pxl-section-fix-none pxl-full-content-with-space-none pxl-bg-color-none pxl-section-overlay-none e-con e-child \" data-id=\"e877d06\" data-element_type=\"container\" data-e-type=\"container\">\t\t<div class=\"elementor-element elementor-element-fec9586 elementor-widget elementor-widget-image\" data-id=\"fec9586\" data-element_type=\"widget\" data-e-type=\"widget\" data-widget_type=\"image.default\">\n\t\t\t\t\t\t\t\t\t\t\t\t\t\t\t<img decoding=\"async\" width=\"600\" height=\"600\" src=\"https:\/\/orallagos.pt\/wp-content\/uploads\/2025\/12\/cheerful-teenager-with-braces-reading-steps-600x600.avif\" class=\"attachment-dentia-portfolio size-dentia-portfolio wp-image-6805\" alt=\"\" srcset=\"https:\/\/orallagos.pt\/wp-content\/uploads\/2025\/12\/cheerful-teenager-with-braces-reading-steps-600x600.avif 600w, https:\/\/orallagos.pt\/wp-content\/uploads\/2025\/12\/cheerful-teenager-with-braces-reading-steps-150x150.avif 150w\" sizes=\"(max-width: 600px) 100vw, 600px\" \/>\t\t\t\t\t\t\t\t\t\t\t\t\t\t\t<\/div>\n\t\t\t\t<\/div>\r\n\t\t<div class=\"elementor-element elementor-element-04bbba8 e-con-full e-flex pxl-column-none pxl-row-scroll-none pxl-zoom-point-false pxl-section-overflow-visible pxl-section-fix-none pxl-full-content-with-space-none pxl-bg-color-none pxl-section-overlay-none e-con e-child \" data-id=\"04bbba8\" data-element_type=\"container\" data-e-type=\"container\">\t\t<div class=\"elementor-element elementor-element-a381a89 elementor-widget elementor-widget-pxl_heading\" data-id=\"a381a89\" data-element_type=\"widget\" data-e-type=\"widget\" data-widget_type=\"pxl_heading.default\">\n\t\t\t\t<div class=\"elementor-widget-container\">\n\t\t\t\t\t<div id=\"pxl-pxl_heading-a381a89-6180\" class=\"pxl-heading px-sub-title-default-style\">\n\t<div class=\"pxl-heading--inner\">\n\t\t\n\t\t\n\t\t<h2 class=\"pxl-item--title \" data-wow-delay=\"ms\">\n\t\t\tEt les enfants ? Le r\u00f4le de l&#8217;orthodontie interceptive \t\t\n\t\t<\/h2>\n\n\t\t\t\t\n\t<\/div>\n<\/div>\t\t\t\t<\/div>\n\t\t\t\t<\/div>\n\t\t\t\t<div class=\"elementor-element elementor-element-e206935 elementor-widget elementor-widget-text-editor\" data-id=\"e206935\" data-element_type=\"widget\" data-e-type=\"widget\" data-widget_type=\"text-editor.default\">\n\t\t\t\t\t\t\t\t\t<p>Bien que moins courant, dans certains cas, le traitement orthodontique peut commencer d\u00e8s l&#8217;enfance. L&#8217;orthodontie interceptive, appliqu\u00e9e entre 6 et 10 ans, vise \u00e0 pr\u00e9venir des probl\u00e8mes plus importants. Par exemple, chez les enfants pr\u00e9sentant une occlusion crois\u00e9e, un encombrement dentaire s\u00e9v\u00e8re ou des habitudes telles que sucer leur pouce, des appareils peuvent \u00eatre utilis\u00e9s pour orienter la croissance et \u00e9viter des complications futures.  <\/p>\t\t\t\t\t\t\t\t<\/div>\n\t\t\t\t<\/div>\r\n\t\t\t\t\t<\/div>\r\n\t\t\t\t<\/div>\r\n\t\t<div class=\"elementor-element elementor-element-bb41c0e e-flex e-con-boxed pxl-column-none pxl-row-scroll-none pxl-zoom-point-false pxl-section-overflow-visible pxl-section-fix-none pxl-full-content-with-space-none pxl-bg-color-none pxl-section-overlay-none e-con e-parent \" data-id=\"bb41c0e\" data-element_type=\"container\" data-e-type=\"container\">\t\t\t<div class=\"e-con-inner\">\r\n\t\t\t\t<div class=\"elementor-element elementor-element-b9516a5 elementor-widget elementor-widget-pxl_heading\" data-id=\"b9516a5\" data-element_type=\"widget\" data-e-type=\"widget\" data-widget_type=\"pxl_heading.default\">\n\t\t\t\t<div class=\"elementor-widget-container\">\n\t\t\t\t\t<div id=\"pxl-pxl_heading-b9516a5-7875\" class=\"pxl-heading px-sub-title-default-style\">\n\t<div class=\"pxl-heading--inner\">\n\t\t\n\t\t\n\t\t<h2 class=\"pxl-item--title \" data-wow-delay=\"ms\">\n\t\t\tPourquoi l&#8217;adolescence est-elle le moment id\u00e9al pour commencer un traitement orthodontique ?\t\t\n\t\t<\/h2>\n\n\t\t\t\t\n\t<\/div>\n<\/div>\t\t\t\t<\/div>\n\t\t\t\t<\/div>\n\t\t\t\t<div class=\"elementor-element elementor-element-9f27893 elementor-widget elementor-widget-text-editor\" data-id=\"9f27893\" data-element_type=\"widget\" data-e-type=\"widget\" data-widget_type=\"text-editor.default\">\n\t\t\t\t\t\t\t\t\t<ol style=\"padding-left: 20px; line-height: 1.7; font-size: 16px; letter-spacing: 0.3px;\">\n \t<li style=\"margin-bottom: 20px;\">\n<div style=\"font-size: 20px; font-weight: 600; color: #10244b; margin-bottom: 6px;\">Passage des dents de lait aux dents d\u00e9finitives<\/div>\n<div>\u00c0 l&#8217;adolescence, de nombreux enfants ont d\u00e9j\u00e0 perdu la plupart de leurs dents de lait et ont presque toutes leurs dents d\u00e9finitives. Cela permet de travailler sur une dentition plus stable et facilite le traitement orthodontique. <\/div><\/li>\n \t<li style=\"margin-bottom: 20px;\">\n<div style=\"font-size: 20px; font-weight: 600; color: #10244b; margin-bottom: 6px;\">Croissance faciale et osseuse<\/div>\n<div>Au cours de cette phase, les os maxillaires sont encore en d\u00e9veloppement, ce qui rend le mouvement dentaire plus efficace et permet des corrections orthop\u00e9diques si n\u00e9cessaire.<\/div><\/li>\n \t<li style=\"margin-bottom: 20px;\">\n<div style=\"font-size: 20px; font-weight: 600; color: #10244b; margin-bottom: 6px;\">Pr\u00e9vention des probl\u00e8mes futurs<\/div>\n<div>Traiter les probl\u00e8mes orthodontiques \u00e0 l&#8217;adolescence permet d&#8217;\u00e9viter des complications \u00e0 l&#8217;\u00e2ge adulte, telles que le d\u00e9salignement, les probl\u00e8mes d&#8217;occlusion, les troubles de l&#8217;articulation temporo-mandibulaire et l&#8217;usure irr\u00e9guli\u00e8re des dents.<\/div><\/li>\n \t<li style=\"margin-bottom: 20px;\">\n<div style=\"font-size: 20px; font-weight: 600; color: #10244b; margin-bottom: 6px;\">Des r\u00e9sultats plus rapides<\/div>\n<div>Gr\u00e2ce \u00e0 la p\u00e9riode de croissance active, les traitements r\u00e9alis\u00e9s \u00e0 l&#8217;adolescence sont g\u00e9n\u00e9ralement plus rapides et moins contraignants que chez les adultes.<\/div><\/li>\n<\/ol>\t\t\t\t\t\t\t\t<\/div>\n\t\t\t\t<div class=\"elementor-element elementor-element-aff9a8d elementor-widget elementor-widget-image\" data-id=\"aff9a8d\" data-element_type=\"widget\" data-e-type=\"widget\" data-widget_type=\"image.default\">\n\t\t\t\t\t\t\t\t\t\t\t\t\t\t\t<img loading=\"lazy\" decoding=\"async\" width=\"1024\" height=\"683\" src=\"https:\/\/orallagos.pt\/wp-content\/uploads\/2025\/12\/dentist-showing-dental-plastic-model-with-braces-1024x683.avif\" class=\"attachment-large size-large wp-image-6806\" alt=\"\" srcset=\"https:\/\/orallagos.pt\/wp-content\/uploads\/2025\/12\/dentist-showing-dental-plastic-model-with-braces-1024x683.avif 1024w, https:\/\/orallagos.pt\/wp-content\/uploads\/2025\/12\/dentist-showing-dental-plastic-model-with-braces-300x200.avif 300w, https:\/\/orallagos.pt\/wp-content\/uploads\/2025\/12\/dentist-showing-dental-plastic-model-with-braces-768x512.avif 768w, https:\/\/orallagos.pt\/wp-content\/uploads\/2025\/12\/dentist-showing-dental-plastic-model-with-braces-1536x1024.avif 1536w, https:\/\/orallagos.pt\/wp-content\/uploads\/2025\/12\/dentist-showing-dental-plastic-model-with-braces-2048x1365.avif 2048w, https:\/\/orallagos.pt\/wp-content\/uploads\/2025\/12\/dentist-showing-dental-plastic-model-with-braces-1125x750.avif 1125w\" sizes=\"(max-width: 1024px) 100vw, 1024px\" \/>\t\t\t\t\t\t\t\t\t\t\t\t\t\t\t<\/div>\n\t\t\t\t\t<\/div>\r\n\t\t\t\t<\/div>\r\n\t\t<div class=\"elementor-element elementor-element-49e824f e-flex e-con-boxed pxl-column-none pxl-row-scroll-none pxl-zoom-point-false pxl-section-overflow-visible pxl-section-fix-none pxl-full-content-with-space-none pxl-bg-color-none pxl-section-overlay-none e-con e-parent \" data-id=\"49e824f\" data-element_type=\"container\" data-e-type=\"container\">\t\t\t<div class=\"e-con-inner\">\r\n\t\t\t\t<div class=\"elementor-element elementor-element-cbfd6ed elementor-widget elementor-widget-pxl_heading\" data-id=\"cbfd6ed\" data-element_type=\"widget\" data-e-type=\"widget\" data-widget_type=\"pxl_heading.default\">\n\t\t\t\t<div class=\"elementor-widget-container\">\n\t\t\t\t\t<div id=\"pxl-pxl_heading-cbfd6ed-3023\" class=\"pxl-heading px-sub-title-default-style\">\n\t<div class=\"pxl-heading--inner\">\n\t\t\n\t\t\n\t\t<h2 class=\"pxl-item--title \" data-wow-delay=\"ms\">\n\t\t\tQuelles sont les malocclusions les plus courantes corrig\u00e9es chez les adolescents ?\t\t\n\t\t<\/h2>\n\n\t\t\t\t\n\t<\/div>\n<\/div>\t\t\t\t<\/div>\n\t\t\t\t<\/div>\n\t\t\t\t<div class=\"elementor-element elementor-element-5ab73ed elementor-widget elementor-widget-text-editor\" data-id=\"5ab73ed\" data-element_type=\"widget\" data-e-type=\"widget\" data-widget_type=\"text-editor.default\">\n\t\t\t\t\t\t\t\t\t<div class=\"c-full seccion_2\"><div class=\"c-wrapper\"><div class=\"c-full seccion_3\"><div class=\"c-wrapper\"><div class=\"c-full seccion_4\"><div class=\"c-wrapper\"><p class=\"inner-text js-ani fadeInElementInner\"><strong>Les malocclusions les plus courantes corrig\u00e9es chez les adolescents par orthodontie sont les suivantes :<\/strong><\/p><\/div><\/div><\/div><\/div><\/div><\/div>\t\t\t\t\t\t\t\t<\/div>\n\t\t\t\t<div class=\"elementor-element elementor-element-c5dc188 elementor-widget elementor-widget-text-editor\" data-id=\"c5dc188\" data-element_type=\"widget\" data-e-type=\"widget\" data-widget_type=\"text-editor.default\">\n\t\t\t\t\t\t\t\t\t<ul style=\"padding-left: 20px; line-height: 1.7; font-size: 16px; letter-spacing: 0.3px; list-style-type: disc;\"><li style=\"margin-bottom: 20px;\"><strong style=\"font-size: 20px; font-weight: 600; color: #10244b;\">Classe I avec encombrement :<\/strong><br>La relation entre les arcades dentaires est normale, mais les dents sont mal align\u00e9es en raison d&#8217;un manque d&#8217;espace. Cela peut causer des probl\u00e8mes esth\u00e9tiques et des difficult\u00e9s d&#8217;hygi\u00e8ne bucco-dentaire. <\/li><li style=\"margin-bottom: 20px;\"><strong style=\"font-size: 20px; font-weight: 600; color: #10244b;\">Classe II, division 1 (surocclusion) :<\/strong><br>Les dents sup\u00e9rieures sont tr\u00e8s avanc\u00e9es par rapport aux dents inf\u00e9rieures, cr\u00e9ant un profil convexe et augmentant le risque de traumatismes au niveau des dents ant\u00e9rieures.<\/li><li style=\"margin-bottom: 20px;\"><strong style=\"font-size: 20px; font-weight: 600; color: #10244b;\">Classe II, division 2 :<\/strong><br>Il existe un d\u00e9salignement entre les arcades, mais les incisives sup\u00e9rieures sont inclin\u00e9es vers l&#8217;int\u00e9rieur, cr\u00e9ant un profil plus ferm\u00e9 et des probl\u00e8mes fonctionnels.<\/li><li style=\"margin-bottom: 20px;\">Classe III (occlusion invers\u00e9e) :<br>Les dents inf\u00e9rieures sont en avant des dents sup\u00e9rieures, ce qui peut entra\u00eener un profil concave et des difficult\u00e9s \u00e0 m\u00e2cher.<\/li><li style=\"margin-bottom: 20px;\"><strong style=\"font-size: 20px; font-weight: 600; color: #10244b;\">B\u00e9ance :<\/strong><br>Il y a un espace entre les dents sup\u00e9rieures et inf\u00e9rieures lorsque la bouche est ferm\u00e9e. Cela peut \u00eatre li\u00e9 \u00e0 des habitudes telles que sucer son pouce, une d\u00e9glutition atypique ou une respiration buccale. <\/li><li style=\"margin-bottom: 20px;\">Morsure crois\u00e9e :<br>Les dents sup\u00e9rieures mordent \u00e0 l&#8217;int\u00e9rieur des dents inf\u00e9rieures. Cela peut se produire d&#8217;un seul c\u00f4t\u00e9 ou des deux c\u00f4t\u00e9s, affectant la sym\u00e9trie faciale. <\/li><\/ul>\t\t\t\t\t\t\t\t<\/div>\n\t\t\t\t<div class=\"elementor-element elementor-element-e5de69c elementor-widget elementor-widget-image\" data-id=\"e5de69c\" data-element_type=\"widget\" data-e-type=\"widget\" data-widget_type=\"image.default\">\n\t\t\t\t\t\t\t\t\t\t\t\t\t\t\t<img loading=\"lazy\" decoding=\"async\" width=\"714\" height=\"485\" src=\"https:\/\/orallagos.pt\/wp-content\/uploads\/2025\/12\/Relato-de-caso-1-Ortodontia.avif\" class=\"attachment-large size-large wp-image-6807\" alt=\"\" srcset=\"https:\/\/orallagos.pt\/wp-content\/uploads\/2025\/12\/Relato-de-caso-1-Ortodontia.avif 714w, https:\/\/orallagos.pt\/wp-content\/uploads\/2025\/12\/Relato-de-caso-1-Ortodontia-300x204.avif 300w\" sizes=\"(max-width: 714px) 100vw, 714px\" \/>\t\t\t\t\t\t\t\t\t\t\t\t\t\t\t<\/div>\n\t\t\t\t<div class=\"elementor-element elementor-element-a65f1fe elementor-widget elementor-widget-text-editor\" data-id=\"a65f1fe\" data-element_type=\"widget\" data-e-type=\"widget\" data-widget_type=\"text-editor.default\">\n\t\t\t\t\t\t\t\t\t<p style=\"text-align: center;\">Cas clinique 1 : La patiente pr\u00e9sentait une dentition de classe III, un mauvais positionnement dentaire g\u00e9n\u00e9ralis\u00e9 et un d\u00e9calage de la ligne m\u00e9diane avec asym\u00e9trie. Son traitement a \u00e9t\u00e9 r\u00e9alis\u00e9 \u00e0 l&#8217;aide d&#8217;aligneurs transparents et de micro-vis dans les troisi\u00e8me et quatri\u00e8me quadrants afin de distaliser (d\u00e9placer vers l&#8217;arri\u00e8re) l&#8217;arcade inf\u00e9rieure. <\/p>\t\t\t\t\t\t\t\t<\/div>\n\t\t\t\t<div class=\"elementor-element elementor-element-920e4df elementor-widget elementor-widget-text-editor\" data-id=\"920e4df\" data-element_type=\"widget\" data-e-type=\"widget\" data-widget_type=\"text-editor.default\">\n\t\t\t\t\t\t\t\t\t<ul style=\"padding-left: 20px; line-height: 1.7; font-size: 16px; letter-spacing: 0.3px; list-style-type: disc;\"><li style=\"margin-bottom: 20px;\"><strong style=\"font-size: 20px; font-weight: 600; color: #10244b;\">Diast\u00e8mes :<\/strong><br>Il s&#8217;agit d&#8217;espaces excessifs entre les dents, g\u00e9n\u00e9ralement au niveau des incisives sup\u00e9rieures, qui peuvent \u00eatre dus \u00e0 des diff\u00e9rences de taille entre les dents ou \u00e0 la pr\u00e9sence d&#8217;un frein labial trop d\u00e9velopp\u00e9.<\/li><li style=\"margin-bottom: 20px;\"><strong style=\"font-size: 20px; font-weight: 600; color: #10244b;\">\u00c9ruptions ectopiques :<\/strong><br>Il s&#8217;agit de dents qui s&#8217;\u00e9cartent de leur trajectoire normale d&#8217;\u00e9ruption. L&#8217;une des plus courantes est la canine, qui se d\u00e9place parfois vers le palais. <\/li><\/ul>\t\t\t\t\t\t\t\t<\/div>\n\t\t\t\t<div class=\"elementor-element elementor-element-7a815d3 elementor-widget elementor-widget-image\" data-id=\"7a815d3\" data-element_type=\"widget\" data-e-type=\"widget\" data-widget_type=\"image.default\">\n\t\t\t\t\t\t\t\t\t\t\t\t\t\t\t<img loading=\"lazy\" decoding=\"async\" width=\"753\" height=\"804\" src=\"https:\/\/orallagos.pt\/wp-content\/uploads\/2025\/12\/Relato-de-caso-2-Ortodontia.avif\" class=\"attachment-large size-large wp-image-6808\" alt=\"\" srcset=\"https:\/\/orallagos.pt\/wp-content\/uploads\/2025\/12\/Relato-de-caso-2-Ortodontia.avif 753w, https:\/\/orallagos.pt\/wp-content\/uploads\/2025\/12\/Relato-de-caso-2-Ortodontia-281x300.avif 281w, https:\/\/orallagos.pt\/wp-content\/uploads\/2025\/12\/Relato-de-caso-2-Ortodontia-702x750.avif 702w\" sizes=\"(max-width: 753px) 100vw, 753px\" \/>\t\t\t\t\t\t\t\t\t\t\t\t\t\t\t<\/div>\n\t\t\t\t<div class=\"elementor-element elementor-element-5513089 elementor-widget elementor-widget-text-editor\" data-id=\"5513089\" data-element_type=\"widget\" data-e-type=\"widget\" data-widget_type=\"text-editor.default\">\n\t\t\t\t\t\t\t\t\t<p style=\"text-align: center;\">Cas clinique 2 : La patiente pr\u00e9sentait une classe II division dentaire 2, avec un chevauchement important et une \u00e9ruption ectopique des canines sup\u00e9rieures. Un traitement orthodontique avec plusieurs brackets transparents et une chirurgie de fenestration des deux canines ont \u00e9t\u00e9 r\u00e9alis\u00e9s. En raison de la position palatine des canines, nous avons plac\u00e9 deux micro-vis pour faciliter leur traction et pouvoir s\u00e9parer la couronne des racines des incisives. Nous les avons ensuite tir\u00e9es du c\u00f4t\u00e9 vestibulaire \u00e0 l&#8217;aide d&#8217;un ressort pour les remettre en place dans l&#8217;arcade.   <\/p>\t\t\t\t\t\t\t\t<\/div>\n\t\t\t\t<div class=\"elementor-element elementor-element-c805c7f elementor-widget elementor-widget-text-editor\" data-id=\"c805c7f\" data-element_type=\"widget\" data-e-type=\"widget\" data-widget_type=\"text-editor.default\">\n\t\t\t\t\t\t\t\t\t<p>Ces probl\u00e8mes sont g\u00e9n\u00e9ralement plus faciles \u00e0 corriger \u00e0 l&#8217;adolescence en raison du d\u00e9veloppement de la croissance osseuse, qui permet de modifier plus efficacement les structures dentaires et squelettiques.<\/p>\t\t\t\t\t\t\t\t<\/div>\n\t\t\t\t\t<\/div>\r\n\t\t\t\t<\/div>\r\n\t\t<div class=\"elementor-element elementor-element-35d6329 e-flex e-con-boxed pxl-column-none pxl-row-scroll-none pxl-zoom-point-false pxl-section-overflow-visible pxl-section-fix-none pxl-full-content-with-space-none pxl-bg-color-none pxl-section-overlay-none e-con e-parent \" data-id=\"35d6329\" data-element_type=\"container\" data-e-type=\"container\">\t\t\t<div class=\"e-con-inner\">\r\n\t\t\t\t<div class=\"elementor-element elementor-element-5f33ff2 elementor-widget elementor-widget-pxl_heading\" data-id=\"5f33ff2\" data-element_type=\"widget\" data-e-type=\"widget\" data-widget_type=\"pxl_heading.default\">\n\t\t\t\t<div class=\"elementor-widget-container\">\n\t\t\t\t\t<div id=\"pxl-pxl_heading-5f33ff2-1563\" class=\"pxl-heading px-sub-title-default-style\">\n\t<div class=\"pxl-heading--inner\">\n\t\t\n\t\t\n\t\t<h2 class=\"pxl-item--title \" data-wow-delay=\"ms\">\n\t\t\tTypes de traitements orthodontiques les plus courants chez les adolescents\t\t\n\t\t<\/h2>\n\n\t\t\t\t\n\t<\/div>\n<\/div>\t\t\t\t<\/div>\n\t\t\t\t<\/div>\n\t\t\t\t<div class=\"elementor-element elementor-element-27e4f59 elementor-widget elementor-widget-text-editor\" data-id=\"27e4f59\" data-element_type=\"widget\" data-e-type=\"widget\" data-widget_type=\"text-editor.default\">\n\t\t\t\t\t\t\t\t\t<ul style=\"padding-left: 20px; line-height: 1.7; font-size: 16px; letter-spacing: 0.3px; list-style-type: disc;\"><li style=\"margin-bottom: 20px;\">Brackets :<br>Ce sont les plus courants et consistent en de petits accessoires fix\u00e9s aux dents, qui sont reli\u00e9s par un fil. Les brackets peuvent \u00eatre m\u00e9talliques ou esth\u00e9tiques (c\u00e9ramique ou saphir, moins visibles). <\/li><li style=\"margin-bottom: 20px;\">Aligneurs transparents :<br>On utilise des aligneurs en plastique transparent qui sont chang\u00e9s de temps en temps. Ils sont discrets et peuvent \u00eatre plus confortables, mais ne conviennent pas \u00e0 tous les cas, en particulier aux diagnostics complexes. <\/li><li style=\"margin-bottom: 20px;\"><strong style=\"font-size: 20px; font-weight: 600; color: #10244b;\">Appareils auxiliaires :<\/strong><br>Dans certains cas, des appareils suppl\u00e9mentaires, tels que des expanseurs maxillaires, peuvent \u00eatre utilis\u00e9s.<\/li><\/ul>\t\t\t\t\t\t\t\t<\/div>\n\t\t\t\t\t<\/div>\r\n\t\t\t\t<\/div>\r\n\t\t<div class=\"elementor-element elementor-element-277d932 e-flex e-con-boxed pxl-column-none pxl-row-scroll-none pxl-zoom-point-false pxl-section-overflow-visible pxl-section-fix-none pxl-full-content-with-space-none pxl-bg-color-none pxl-section-overlay-none e-con e-parent \" data-id=\"277d932\" data-element_type=\"container\" data-e-type=\"container\">\t\t\t<div class=\"e-con-inner\">\r\n\t\t\t\t<div class=\"elementor-element elementor-element-c704e53 elementor-widget elementor-widget-pxl_heading\" data-id=\"c704e53\" data-element_type=\"widget\" data-e-type=\"widget\" data-widget_type=\"pxl_heading.default\">\n\t\t\t\t<div class=\"elementor-widget-container\">\n\t\t\t\t\t<div id=\"pxl-pxl_heading-c704e53-3062\" class=\"pxl-heading px-sub-title-default-style\">\n\t<div class=\"pxl-heading--inner\">\n\t\t\n\t\t\n\t\t<h2 class=\"pxl-item--title \" data-wow-delay=\"ms\">\n\t\t\tConsid\u00e9rations sur les adolescents\t\t\n\t\t<\/h2>\n\n\t\t\t\t\n\t<\/div>\n<\/div>\t\t\t\t<\/div>\n\t\t\t\t<\/div>\n\t\t\t\t<div class=\"elementor-element elementor-element-57af6b6 elementor-widget elementor-widget-text-editor\" data-id=\"57af6b6\" data-element_type=\"widget\" data-e-type=\"widget\" data-widget_type=\"text-editor.default\">\n\t\t\t\t\t\t\t\t\t<ul style=\"padding-left: 20px; line-height: 1.7; font-size: 16px; letter-spacing: 0.3px; list-style-type: disc;\"><li style=\"margin-bottom: 20px;\"><strong style=\"font-size: 20px; font-weight: 600; color: #10244b;\">Responsabilit\u00e9 :<\/strong><br>Les adolescents doivent \u00eatre responsables de leur hygi\u00e8ne dentaire, car les appareils orthodontiques peuvent accumuler des r\u00e9sidus alimentaires et de la plaque bact\u00e9rienne pouvant entra\u00eener des caries et des maladies des gencives.<\/li><li style=\"margin-bottom: 20px;\"><strong style=\"font-size: 20px; font-weight: 600; color: #10244b;\">Dur\u00e9e du traitement :<\/strong><br>Le traitement orthodontique \u00e0 l&#8217;adolescence dure g\u00e9n\u00e9ralement entre 12 et 18 mois, selon la complexit\u00e9 du cas. Pendant cette p\u00e9riode, il est important de se rendre aux consultations de suivi afin d&#8217;ajuster les appareils et de s&#8217;assurer que le traitement progresse comme pr\u00e9vu. <\/li><li style=\"margin-bottom: 20px;\"><strong style=\"font-size: 20px; font-weight: 600; color: #10244b;\">Adaptation et inconfort :<\/strong><br>Au d\u00e9but du traitement, vous pouvez ressentir un certain inconfort ou une g\u00eane due au mouvement des dents. Au fur et \u00e0 mesure que le traitement progresse, l&#8217;adaptation aux appareils devient g\u00e9n\u00e9ralement plus facile. <\/li><\/ul>\t\t\t\t\t\t\t\t<\/div>\n\t\t\t\t\t<\/div>\r\n\t\t\t\t<\/div>\r\n\t\t<div class=\"elementor-element elementor-element-a17205c e-flex e-con-boxed pxl-column-none pxl-row-scroll-none pxl-zoom-point-false pxl-section-overflow-visible pxl-section-fix-none pxl-full-content-with-space-none pxl-bg-color-none pxl-section-overlay-none e-con e-parent \" data-id=\"a17205c\" data-element_type=\"container\" data-e-type=\"container\">\t\t\t<div class=\"e-con-inner\">\r\n\t\t\t\t<div class=\"elementor-element elementor-element-6a90c31 elementor-widget elementor-widget-pxl_heading\" data-id=\"6a90c31\" data-element_type=\"widget\" data-e-type=\"widget\" data-widget_type=\"pxl_heading.default\">\n\t\t\t\t<div class=\"elementor-widget-container\">\n\t\t\t\t\t<div id=\"pxl-pxl_heading-6a90c31-9025\" class=\"pxl-heading px-sub-title-default-style\">\n\t<div class=\"pxl-heading--inner\">\n\t\t\n\t\t\n\t\t<h2 class=\"pxl-item--title \" data-wow-delay=\"ms\">\n\t\t\tConclusion : l&#8217;orthodontie n&#8217;a pas de limite d&#8217;\u00e2ge.\t\t\n\t\t<\/h2>\n\n\t\t\t\t\n\t<\/div>\n<\/div>\t\t\t\t<\/div>\n\t\t\t\t<\/div>\n\t\t\t\t<div class=\"elementor-element elementor-element-cebb16a elementor-widget elementor-widget-text-editor\" data-id=\"cebb16a\" data-element_type=\"widget\" data-e-type=\"widget\" data-widget_type=\"text-editor.default\">\n\t\t\t\t\t\t\t\t\t<p>Bien que l&#8217;adolescence soit le moment id\u00e9al pour traiter les probl\u00e8mes orthodontiques en raison de la croissance active, ce n&#8217;est ni le seul ni le dernier moment pour le faire.<\/p><p>L&#8217;orthodontie est accessible \u00e0 tous, quel que soit l&#8217;\u00e2ge, et le meilleur moment pour commencer un traitement est lorsque le besoin est identifi\u00e9, que le diagnostic est appropri\u00e9 et que les priorit\u00e9s du patient sont prises en compte.<\/p><p>Dans le monde actuel, o\u00f9 la sant\u00e9 bucco-dentaire et l&#8217;esth\u00e9tique sont de plus en plus valoris\u00e9es, l&#8217;orthodontie est un outil puissant pour am\u00e9liorer non seulement le sourire, mais aussi la qualit\u00e9 de vie.<\/p><p>C&#8217;est pourquoi, quelle que soit la phase dans laquelle vous vous trouvez, il n&#8217;est jamais trop tard pour commencer. Si vous avez des doutes, le mieux est de <a href=\"https:\/\/orallagos.pt\/tratamentos\/ortodontia\/\">consulter un orthodontist<\/a>e, qui pourra vous orienter et \u00e9tablir un plan personnalis\u00e9 adapt\u00e9 \u00e0 vos besoins et \u00e0 vos objectifs. <\/p>\t\t\t\t\t\t\t\t<\/div>\n\t\t\t\t<div class=\"elementor-element elementor-element-b17b8e3 elementor-align-center elementor-widget elementor-widget-button\" data-id=\"b17b8e3\" data-element_type=\"widget\" data-e-type=\"widget\" data-widget_type=\"button.default\">\n\t\t\t\t\t\t\t\t\t\t<a class=\"elementor-button elementor-button-link elementor-size-sm\" href=\"https:\/\/sonrisas.bqdentalcenters.es\/orallagos\/23\/\">\n\t\t\t\t\t\t<span class=\"elementor-button-content-wrapper\">\n\t\t\t\t\t\t\t\t\t<span class=\"elementor-button-text\">Plus d'articles dans le magazine Sorrisos<\/span>\n\t\t\t\t\t<\/span>\n\t\t\t\t\t<\/a>\n\t\t\t\t\t\t\t\t<\/div>\n\t\t\t\t\t<\/div>\r\n\t\t\t\t<\/div>\r\n\t\t<div class=\"elementor-element elementor-element-d3533cb e-flex e-con-boxed pxl-column-none pxl-row-scroll-none pxl-zoom-point-false pxl-section-overflow-visible pxl-section-fix-none pxl-full-content-with-space-none pxl-bg-color-none pxl-section-overlay-none e-con e-parent \" data-id=\"d3533cb\" data-element_type=\"container\" data-e-type=\"container\">\t\t\t<div class=\"e-con-inner\">\r\n\t\t\t\t<div class=\"elementor-element elementor-element-6c8ebfb elementor-widget elementor-widget-pxl_heading\" data-id=\"6c8ebfb\" data-element_type=\"widget\" data-e-type=\"widget\" data-widget_type=\"pxl_heading.default\">\n\t\t\t\t<div class=\"elementor-widget-container\">\n\t\t\t\t\t<div id=\"pxl-pxl_heading-6c8ebfb-1749\" class=\"pxl-heading px-sub-title-default-style\">\n\t<div class=\"pxl-heading--inner\">\n\t\t\n\t\t\n\t\t<h2 class=\"pxl-item--title \" data-wow-delay=\"ms\">\n\t\t\tFAQ sur l&#8217;orthodontie\t\t\n\t\t<\/h2>\n\n\t\t\t\t\n\t<\/div>\n<\/div>\t\t\t\t<\/div>\n\t\t\t\t<\/div>\n\t\t\t\t\t<\/div>\r\n\t\t\t\t<\/div>\r\n\t\t<div class=\"elementor-element elementor-element-da8f7cf e-flex e-con-boxed pxl-column-none pxl-row-scroll-none pxl-zoom-point-false pxl-section-overflow-visible pxl-section-fix-none pxl-full-content-with-space-none pxl-bg-color-none pxl-section-overlay-none e-con e-parent \" data-id=\"da8f7cf\" data-element_type=\"container\" data-e-type=\"container\">\t\t\t<div class=\"e-con-inner\">\r\n\t\t\t\t<div class=\"elementor-element elementor-element-05c6358 elementor-widget elementor-widget-n-accordion\" data-id=\"05c6358\" data-element_type=\"widget\" data-e-type=\"widget\" data-settings=\"{&quot;default_state&quot;:&quot;expanded&quot;,&quot;max_items_expended&quot;:&quot;one&quot;,&quot;n_accordion_animation_duration&quot;:{&quot;unit&quot;:&quot;ms&quot;,&quot;size&quot;:400,&quot;sizes&quot;:[]}}\" data-widget_type=\"nested-accordion.default\">\n\t\t\t\t\t\t\t<div class=\"e-n-accordion\" aria-label=\"Accordion. Open links with Enter or Space, close with Escape, and navigate with Arrow Keys\">\n\t\t\t\t\t\t<details id=\"e-n-accordion-item-6050\" class=\"e-n-accordion-item\" open>\n\t\t\t\t<summary class=\"e-n-accordion-item-title\" data-accordion-index=\"1\" tabindex=\"0\" aria-expanded=\"true\" aria-controls=\"e-n-accordion-item-6050\" >\n\t\t\t\t\t<span class='e-n-accordion-item-title-header'><div class=\"e-n-accordion-item-title-text\"> L'adolescence est-elle le seul moment propice pour suivre un traitement orthodontique ? <\/div><\/span>\n\t\t\t\t\t\t\t<span class='e-n-accordion-item-title-icon'>\n\t\t\t<span class='e-opened' ><i aria-hidden=\"true\" class=\"fas fa-minus\"><\/i><\/span>\n\t\t\t<span class='e-closed'><i aria-hidden=\"true\" class=\"fas fa-plus\"><\/i><\/span>\n\t\t<\/span>\n\n\t\t\t\t\t\t<\/summary>\n\t\t\t\t<div role=\"region\" aria-labelledby=\"e-n-accordion-item-6050\" class=\"elementor-element elementor-element-3fea7bc e-con-full e-flex pxl-column-none pxl-row-scroll-none pxl-zoom-point-false pxl-section-overflow-visible pxl-section-fix-none pxl-full-content-with-space-none pxl-bg-color-none pxl-section-overlay-none e-con e-child \" data-id=\"3fea7bc\" data-element_type=\"container\" data-e-type=\"container\">\t\t<div class=\"elementor-element elementor-element-6762622 elementor-widget elementor-widget-text-editor\" data-id=\"6762622\" data-element_type=\"widget\" data-e-type=\"widget\" data-widget_type=\"text-editor.default\">\n\t\t\t\t\t\t\t\t\t<p>Non. Bien que l&#8217;adolescence (12-18 ans) soit consid\u00e9r\u00e9e comme l&#8217;\u00e2ge id\u00e9al en raison de la croissance osseuse active, l&#8217;orthodontie peut \u00eatre pratiqu\u00e9e \u00e0 tout \u00e2ge. Environ 25 % des patients orthodontiques actuels sont des adultes, et il existe \u00e9galement des traitements intercepteurs pour les enfants \u00e2g\u00e9s de 6 \u00e0 10 ans.  <\/p>\t\t\t\t\t\t\t\t<\/div>\n\t\t\t\t<\/div>\r\n\t\t\t\t\t<\/details>\n\t\t\t\t\t\t<details id=\"e-n-accordion-item-6051\" class=\"e-n-accordion-item\" >\n\t\t\t\t<summary class=\"e-n-accordion-item-title\" data-accordion-index=\"2\" tabindex=\"-1\" aria-expanded=\"false\" aria-controls=\"e-n-accordion-item-6051\" >\n\t\t\t\t\t<span class='e-n-accordion-item-title-header'><div class=\"e-n-accordion-item-title-text\"> Pourquoi l'adolescence est-elle consid\u00e9r\u00e9e comme la meilleure p\u00e9riode pour l'orthodontie ? <\/div><\/span>\n\t\t\t\t\t\t\t<span class='e-n-accordion-item-title-icon'>\n\t\t\t<span class='e-opened' ><i aria-hidden=\"true\" class=\"fas fa-minus\"><\/i><\/span>\n\t\t\t<span class='e-closed'><i aria-hidden=\"true\" class=\"fas fa-plus\"><\/i><\/span>\n\t\t<\/span>\n\n\t\t\t\t\t\t<\/summary>\n\t\t\t\t<div role=\"region\" aria-labelledby=\"e-n-accordion-item-6051\" class=\"elementor-element elementor-element-c6c7d1f e-con-full e-flex pxl-column-none pxl-row-scroll-none pxl-zoom-point-false pxl-section-overflow-visible pxl-section-fix-none pxl-full-content-with-space-none pxl-bg-color-none pxl-section-overlay-none e-con e-child \" data-id=\"c6c7d1f\" data-element_type=\"container\" data-e-type=\"container\">\t\t<div class=\"elementor-element elementor-element-9aa907c elementor-widget elementor-widget-text-editor\" data-id=\"9aa907c\" data-element_type=\"widget\" data-e-type=\"widget\" data-widget_type=\"text-editor.default\">\n\t\t\t\t\t\t\t\t\t<p>\u00c0 l&#8217;adolescence, les os maxillaires sont encore en d\u00e9veloppement, ce qui facilite la correction des probl\u00e8mes squelettiques et dentaires. De plus, la plupart des dents d\u00e9finitives ont d\u00e9j\u00e0 pouss\u00e9, ce qui permet un traitement complet avec des r\u00e9sultats plus rapides. <\/p>\t\t\t\t\t\t\t\t<\/div>\n\t\t\t\t<\/div>\r\n\t\t\t\t\t<\/details>\n\t\t\t\t\t\t<details id=\"e-n-accordion-item-6052\" class=\"e-n-accordion-item\" >\n\t\t\t\t<summary class=\"e-n-accordion-item-title\" data-accordion-index=\"3\" tabindex=\"-1\" aria-expanded=\"false\" aria-controls=\"e-n-accordion-item-6052\" >\n\t\t\t\t\t<span class='e-n-accordion-item-title-header'><div class=\"e-n-accordion-item-title-text\"> Quels sont les types d'appareils orthodontiques disponibles pour les adolescents ? <\/div><\/span>\n\t\t\t\t\t\t\t<span class='e-n-accordion-item-title-icon'>\n\t\t\t<span class='e-opened' ><i aria-hidden=\"true\" class=\"fas fa-minus\"><\/i><\/span>\n\t\t\t<span class='e-closed'><i aria-hidden=\"true\" class=\"fas fa-plus\"><\/i><\/span>\n\t\t<\/span>\n\n\t\t\t\t\t\t<\/summary>\n\t\t\t\t<div role=\"region\" aria-labelledby=\"e-n-accordion-item-6052\" class=\"elementor-element elementor-element-8c01d4e e-con-full e-flex pxl-column-none pxl-row-scroll-none pxl-zoom-point-false pxl-section-overflow-visible pxl-section-fix-none pxl-full-content-with-space-none pxl-bg-color-none pxl-section-overlay-none e-con e-child \" data-id=\"8c01d4e\" data-element_type=\"container\" data-e-type=\"container\">\t\t<div class=\"elementor-element elementor-element-1ef4d88 elementor-widget elementor-widget-text-editor\" data-id=\"1ef4d88\" data-element_type=\"widget\" data-e-type=\"widget\" data-widget_type=\"text-editor.default\">\n\t\t\t\t\t\t\t\t\t<p>Les principaux types sont : les bagues m\u00e9talliques (les plus courantes), les bagues esth\u00e9tiques (en c\u00e9ramique ou en saphir, moins visibles), les aligneurs transparents (discrets et amovibles) et les appareils auxiliaires tels que les expanseurs maxillaires pour des cas sp\u00e9cifiques.<\/p>\t\t\t\t\t\t\t\t<\/div>\n\t\t\t\t<\/div>\r\n\t\t\t\t\t<\/details>\n\t\t\t\t\t\t<details id=\"e-n-accordion-item-6053\" class=\"e-n-accordion-item\" >\n\t\t\t\t<summary class=\"e-n-accordion-item-title\" data-accordion-index=\"4\" tabindex=\"-1\" aria-expanded=\"false\" aria-controls=\"e-n-accordion-item-6053\" >\n\t\t\t\t\t<span class='e-n-accordion-item-title-header'><div class=\"e-n-accordion-item-title-text\"> Combien de temps dure un traitement orthodontique chez les adolescents ? <\/div><\/span>\n\t\t\t\t\t\t\t<span class='e-n-accordion-item-title-icon'>\n\t\t\t<span class='e-opened' ><i aria-hidden=\"true\" class=\"fas fa-minus\"><\/i><\/span>\n\t\t\t<span class='e-closed'><i aria-hidden=\"true\" class=\"fas fa-plus\"><\/i><\/span>\n\t\t<\/span>\n\n\t\t\t\t\t\t<\/summary>\n\t\t\t\t<div role=\"region\" aria-labelledby=\"e-n-accordion-item-6053\" class=\"elementor-element elementor-element-f09e5e2 e-con-full e-flex pxl-column-none pxl-row-scroll-none pxl-zoom-point-false pxl-section-overflow-visible pxl-section-fix-none pxl-full-content-with-space-none pxl-bg-color-none pxl-section-overlay-none e-con e-child \" data-id=\"f09e5e2\" data-element_type=\"container\" data-e-type=\"container\">\t\t<div class=\"elementor-element elementor-element-c41b85a elementor-widget elementor-widget-text-editor\" data-id=\"c41b85a\" data-element_type=\"widget\" data-e-type=\"widget\" data-widget_type=\"text-editor.default\">\n\t\t\t\t\t\t\t\t\t<p>Le traitement orthodontique chez les adolescents dure g\u00e9n\u00e9ralement entre 12 et 18 mois, selon la complexit\u00e9 du cas. Pendant cette p\u00e9riode, des consultations r\u00e9guli\u00e8res sont n\u00e9cessaires pour proc\u00e9der \u00e0 des ajustements et suivre les progr\u00e8s. <\/p>\t\t\t\t\t\t\t\t<\/div>\n\t\t\t\t<\/div>\r\n\t\t\t\t\t<\/details>\n\t\t\t\t\t\t<details id=\"e-n-accordion-item-6054\" class=\"e-n-accordion-item\" >\n\t\t\t\t<summary class=\"e-n-accordion-item-title\" data-accordion-index=\"5\" tabindex=\"-1\" aria-expanded=\"false\" aria-controls=\"e-n-accordion-item-6054\" >\n\t\t\t\t\t<span class='e-n-accordion-item-title-header'><div class=\"e-n-accordion-item-title-text\"> Quels sont les probl\u00e8mes dentaires les plus courants corrig\u00e9s par l'orthodontie chez les adolescents ? <\/div><\/span>\n\t\t\t\t\t\t\t<span class='e-n-accordion-item-title-icon'>\n\t\t\t<span class='e-opened' ><i aria-hidden=\"true\" class=\"fas fa-minus\"><\/i><\/span>\n\t\t\t<span class='e-closed'><i aria-hidden=\"true\" class=\"fas fa-plus\"><\/i><\/span>\n\t\t<\/span>\n\n\t\t\t\t\t\t<\/summary>\n\t\t\t\t<div role=\"region\" aria-labelledby=\"e-n-accordion-item-6054\" class=\"elementor-element elementor-element-40e8030 e-con-full e-flex pxl-column-none pxl-row-scroll-none pxl-zoom-point-false pxl-section-overflow-visible pxl-section-fix-none pxl-full-content-with-space-none pxl-bg-color-none pxl-section-overlay-none e-con e-child \" data-id=\"40e8030\" data-element_type=\"container\" data-e-type=\"container\">\t\t<div class=\"elementor-element elementor-element-4786184 elementor-widget elementor-widget-text-editor\" data-id=\"4786184\" data-element_type=\"widget\" data-e-type=\"widget\" data-widget_type=\"text-editor.default\">\n\t\t\t\t\t\t\t\t\t<p>Les malocclusions les plus fr\u00e9quentes sont les suivantes : encombrement dentaire, supraclusion (classe II), b\u00e9ance, occlusion crois\u00e9e, diast\u00e8mes (espaces entre les dents) et \u00e9ruption ectopique des canines.<\/p>\t\t\t\t\t\t\t\t<\/div>\n\t\t\t\t<\/div>\r\n\t\t\t\t\t<\/details>\n\t\t\t\t\t\t<details id=\"e-n-accordion-item-6055\" class=\"e-n-accordion-item\" >\n\t\t\t\t<summary class=\"e-n-accordion-item-title\" data-accordion-index=\"6\" tabindex=\"-1\" aria-expanded=\"false\" aria-controls=\"e-n-accordion-item-6055\" >\n\t\t\t\t\t<span class='e-n-accordion-item-title-header'><div class=\"e-n-accordion-item-title-text\"> Les adultes peuvent-ils b\u00e9n\u00e9ficier d'un traitement orthodontique avec les m\u00eames r\u00e9sultats que les adolescents ? <\/div><\/span>\n\t\t\t\t\t\t\t<span class='e-n-accordion-item-title-icon'>\n\t\t\t<span class='e-opened' ><i aria-hidden=\"true\" class=\"fas fa-minus\"><\/i><\/span>\n\t\t\t<span class='e-closed'><i aria-hidden=\"true\" class=\"fas fa-plus\"><\/i><\/span>\n\t\t<\/span>\n\n\t\t\t\t\t\t<\/summary>\n\t\t\t\t<div role=\"region\" aria-labelledby=\"e-n-accordion-item-6055\" class=\"elementor-element elementor-element-c919d17 e-con-full e-flex pxl-column-none pxl-row-scroll-none pxl-zoom-point-false pxl-section-overflow-visible pxl-section-fix-none pxl-full-content-with-space-none pxl-bg-color-none pxl-section-overlay-none e-con e-child \" data-id=\"c919d17\" data-element_type=\"container\" data-e-type=\"container\">\t\t<div class=\"elementor-element elementor-element-9592164 elementor-widget elementor-widget-text-editor\" data-id=\"9592164\" data-element_type=\"widget\" data-e-type=\"widget\" data-widget_type=\"text-editor.default\">\n\t\t\t\t\t\t\t\t\t<p>Oui, les r\u00e9sultats sont tout aussi efficaces chez les adultes. M\u00eame si la croissance osseuse est termin\u00e9e, les dents peuvent \u00eatre d\u00e9plac\u00e9es \u00e0 l&#8217;aide de forces m\u00e9caniques. Il peut y avoir certaines contraintes suppl\u00e9mentaires, telles que la pr\u00e9sence d&#8217;implants ou une maladie parodontale.  <\/p>\t\t\t\t\t\t\t\t<\/div>\n\t\t\t\t<\/div>\r\n\t\t\t\t\t<\/details>\n\t\t\t\t\t<\/div>\n\t\t\t\t\t\t<\/div>\n\t\t\t\t\t<\/div>\r\n\t\t\t\t<\/div>\r\n\t\t<div class=\"elementor-element elementor-element-5cb0410 e-flex e-con-boxed pxl-column-none pxl-row-scroll-none pxl-zoom-point-false pxl-section-overflow-visible pxl-section-fix-none pxl-full-content-with-space-none pxl-bg-color-none pxl-section-overlay-none e-con e-parent \" data-id=\"5cb0410\" data-element_type=\"container\" data-e-type=\"container\">\t\t\t<div class=\"e-con-inner\">\r\n\t\t\t\t\t<\/div>\r\n\t\t\t\t<\/div>\r\n\t\t\t\t<\/div>\n\t\t","protected":false},"excerpt":{"rendered":"<p>Article r\u00e9dig\u00e9 par : Dr Carmen Lorente &nbsp; L&#8217;adolescence est-elle le meilleur et le seul moment pour suivre un traitement orthodontique ? Pendant des d\u00e9cennies, l&#8217;orthodontie a \u00e9t\u00e9 principalement associ\u00e9e \u00e0 l&#8217;adolescence. Cette p\u00e9riode de la vie o\u00f9, outre les changements physiques et \u00e9motionnels, les dents sont souvent au centre de l&#8217;attention. Mais l&#8217;adolescence est-elle [&hellip;]<\/p>\n","protected":false},"author":2,"featured_media":6809,"comment_status":"open","ping_status":"open","sticky":false,"template":"","format":"standard","meta":{"footnotes":""},"categories":[57],"tags":[58,84],"class_list":["post-6875","post","type-post","status-publish","format-standard","has-post-thumbnail","hentry","category-generalites","tag-generalites","tag-orthodontie"],"yoast_head":"<!-- This site is optimized with the Yoast SEO plugin v26.9 - https:\/\/yoast.com\/product\/yoast-seo-wordpress\/ -->\n<title>Orthodontie : l&#039;adolescence est-elle le meilleur et le seul moment pour se faire traiter ?<\/title>\n<meta name=\"description\" content=\"Orthodontie \u00e0 l&#039;adolescence : avantages de la croissance osseuse, types d&#039;appareils et cas r\u00e9els. D\u00e9couvrez si c&#039;est le meilleur moment pour corriger votre sourire.\" \/>\n<meta name=\"robots\" content=\"index, follow, max-snippet:-1, max-image-preview:large, max-video-preview:-1\" \/>\n<link rel=\"canonical\" href=\"https:\/\/orallagos.pt\/fr\/orthodontie-ladolescence-est-elle-le-meilleur-et-le-seul-moment-pour-se-faire-traiter\/\" \/>\n<meta property=\"og:locale\" content=\"fr_FR\" \/>\n<meta property=\"og:type\" content=\"article\" \/>\n<meta property=\"og:title\" content=\"Orthodontie : l&#039;adolescence est-elle le meilleur et le seul moment pour se faire traiter ?\" \/>\n<meta property=\"og:description\" content=\"Orthodontie \u00e0 l&#039;adolescence : avantages de la croissance osseuse, types d&#039;appareils et cas r\u00e9els. D\u00e9couvrez si c&#039;est le meilleur moment pour corriger votre sourire.\" \/>\n<meta property=\"og:url\" content=\"https:\/\/orallagos.pt\/fr\/orthodontie-ladolescence-est-elle-le-meilleur-et-le-seul-moment-pour-se-faire-traiter\/\" \/>\n<meta property=\"og:site_name\" content=\"Orallagos\" \/>\n<meta property=\"article:publisher\" content=\"https:\/\/www.facebook.com\/orallagosclinica\" \/>\n<meta property=\"article:published_time\" content=\"2025-12-03T14:56:33+00:00\" \/>\n<meta property=\"article:modified_time\" content=\"2025-12-09T14:49:11+00:00\" \/>\n<meta name=\"author\" content=\"leandroreisda\" \/>\n<meta name=\"twitter:card\" content=\"summary_large_image\" \/>\n<meta name=\"twitter:label1\" content=\"\u00c9crit par\" \/>\n\t<meta name=\"twitter:data1\" content=\"leandroreisda\" \/>\n\t<meta name=\"twitter:label2\" content=\"Dur\u00e9e de lecture estim\u00e9e\" \/>\n\t<meta name=\"twitter:data2\" content=\"11 minutes\" \/>\n<script type=\"application\/ld+json\" class=\"yoast-schema-graph\">{\"@context\":\"https:\/\/schema.org\",\"@graph\":[{\"@type\":\"Article\",\"@id\":\"https:\/\/orallagos.pt\/fr\/orthodontie-ladolescence-est-elle-le-meilleur-et-le-seul-moment-pour-se-faire-traiter\/#article\",\"isPartOf\":{\"@id\":\"https:\/\/orallagos.pt\/fr\/orthodontie-ladolescence-est-elle-le-meilleur-et-le-seul-moment-pour-se-faire-traiter\/\"},\"author\":{\"name\":\"leandroreisda\",\"@id\":\"https:\/\/orallagos.pt\/#\/schema\/person\/05363ea51778479b4cdbdc0971767fca\"},\"headline\":\"Orthodontie : l&#8217;adolescence est-elle le meilleur et le seul moment pour se faire traiter ?\",\"datePublished\":\"2025-12-03T14:56:33+00:00\",\"dateModified\":\"2025-12-09T14:49:11+00:00\",\"mainEntityOfPage\":{\"@id\":\"https:\/\/orallagos.pt\/fr\/orthodontie-ladolescence-est-elle-le-meilleur-et-le-seul-moment-pour-se-faire-traiter\/\"},\"wordCount\":2183,\"commentCount\":0,\"publisher\":{\"@id\":\"https:\/\/orallagos.pt\/#organization\"},\"image\":{\"@id\":\"https:\/\/orallagos.pt\/fr\/orthodontie-ladolescence-est-elle-le-meilleur-et-le-seul-moment-pour-se-faire-traiter\/#primaryimage\"},\"thumbnailUrl\":\"https:\/\/orallagos.pt\/wp-content\/uploads\/2025\/12\/pleased-woman-dental-braces-taking-selfie-scaled.avif\",\"keywords\":[\"G\u00e9n\u00e9ralit\u00e9s\",\"Orthodontie\"],\"articleSection\":[\"G\u00e9n\u00e9ralit\u00e9s\"],\"inLanguage\":\"fr-FR\",\"potentialAction\":[{\"@type\":\"CommentAction\",\"name\":\"Comment\",\"target\":[\"https:\/\/orallagos.pt\/fr\/orthodontie-ladolescence-est-elle-le-meilleur-et-le-seul-moment-pour-se-faire-traiter\/#respond\"]}]},{\"@type\":\"WebPage\",\"@id\":\"https:\/\/orallagos.pt\/fr\/orthodontie-ladolescence-est-elle-le-meilleur-et-le-seul-moment-pour-se-faire-traiter\/\",\"url\":\"https:\/\/orallagos.pt\/fr\/orthodontie-ladolescence-est-elle-le-meilleur-et-le-seul-moment-pour-se-faire-traiter\/\",\"name\":\"Orthodontie : l'adolescence est-elle le meilleur et le seul moment pour se faire traiter ?\",\"isPartOf\":{\"@id\":\"https:\/\/orallagos.pt\/#website\"},\"primaryImageOfPage\":{\"@id\":\"https:\/\/orallagos.pt\/fr\/orthodontie-ladolescence-est-elle-le-meilleur-et-le-seul-moment-pour-se-faire-traiter\/#primaryimage\"},\"image\":{\"@id\":\"https:\/\/orallagos.pt\/fr\/orthodontie-ladolescence-est-elle-le-meilleur-et-le-seul-moment-pour-se-faire-traiter\/#primaryimage\"},\"thumbnailUrl\":\"https:\/\/orallagos.pt\/wp-content\/uploads\/2025\/12\/pleased-woman-dental-braces-taking-selfie-scaled.avif\",\"datePublished\":\"2025-12-03T14:56:33+00:00\",\"dateModified\":\"2025-12-09T14:49:11+00:00\",\"description\":\"Orthodontie \u00e0 l'adolescence : avantages de la croissance osseuse, types d'appareils et cas r\u00e9els. D\u00e9couvrez si c'est le meilleur moment pour corriger votre sourire.\",\"breadcrumb\":{\"@id\":\"https:\/\/orallagos.pt\/fr\/orthodontie-ladolescence-est-elle-le-meilleur-et-le-seul-moment-pour-se-faire-traiter\/#breadcrumb\"},\"inLanguage\":\"fr-FR\",\"potentialAction\":[{\"@type\":\"ReadAction\",\"target\":[\"https:\/\/orallagos.pt\/fr\/orthodontie-ladolescence-est-elle-le-meilleur-et-le-seul-moment-pour-se-faire-traiter\/\"]}]},{\"@type\":\"ImageObject\",\"inLanguage\":\"fr-FR\",\"@id\":\"https:\/\/orallagos.pt\/fr\/orthodontie-ladolescence-est-elle-le-meilleur-et-le-seul-moment-pour-se-faire-traiter\/#primaryimage\",\"url\":\"https:\/\/orallagos.pt\/wp-content\/uploads\/2025\/12\/pleased-woman-dental-braces-taking-selfie-scaled.avif\",\"contentUrl\":\"https:\/\/orallagos.pt\/wp-content\/uploads\/2025\/12\/pleased-woman-dental-braces-taking-selfie-scaled.avif\",\"width\":2560,\"height\":1707},{\"@type\":\"BreadcrumbList\",\"@id\":\"https:\/\/orallagos.pt\/fr\/orthodontie-ladolescence-est-elle-le-meilleur-et-le-seul-moment-pour-se-faire-traiter\/#breadcrumb\",\"itemListElement\":[{\"@type\":\"ListItem\",\"position\":1,\"name\":\"Home\",\"item\":\"https:\/\/orallagos.pt\/de\/\"},{\"@type\":\"ListItem\",\"position\":2,\"name\":\"Orthodontie : l&#8217;adolescence est-elle le meilleur et le seul moment pour se faire traiter ?\"}]},{\"@type\":\"WebSite\",\"@id\":\"https:\/\/orallagos.pt\/#website\",\"url\":\"https:\/\/orallagos.pt\/\",\"name\":\"Orallagos\",\"description\":\"\",\"publisher\":{\"@id\":\"https:\/\/orallagos.pt\/#organization\"},\"potentialAction\":[{\"@type\":\"SearchAction\",\"target\":{\"@type\":\"EntryPoint\",\"urlTemplate\":\"https:\/\/orallagos.pt\/?s={search_term_string}\"},\"query-input\":{\"@type\":\"PropertyValueSpecification\",\"valueRequired\":true,\"valueName\":\"search_term_string\"}}],\"inLanguage\":\"fr-FR\"},{\"@type\":\"Organization\",\"@id\":\"https:\/\/orallagos.pt\/#organization\",\"name\":\"Orallagos\",\"url\":\"https:\/\/orallagos.pt\/\",\"logo\":{\"@type\":\"ImageObject\",\"inLanguage\":\"fr-FR\",\"@id\":\"https:\/\/orallagos.pt\/#\/schema\/logo\/image\/\",\"url\":\"https:\/\/orallagos.pt\/wp-content\/uploads\/2025\/08\/cropped-cropped-orallagos-logo-blue-.png\",\"contentUrl\":\"https:\/\/orallagos.pt\/wp-content\/uploads\/2025\/08\/cropped-cropped-orallagos-logo-blue-.png\",\"width\":229,\"height\":63,\"caption\":\"Orallagos\"},\"image\":{\"@id\":\"https:\/\/orallagos.pt\/#\/schema\/logo\/image\/\"},\"sameAs\":[\"https:\/\/www.facebook.com\/orallagosclinica\",\"https:\/\/www.instagram.com\/orallagosclinica\/\",\"https:\/\/www.linkedin.com\/company\/orallagos---centro-dent-rio-especializado\/about\/\"]},{\"@type\":\"Person\",\"@id\":\"https:\/\/orallagos.pt\/#\/schema\/person\/05363ea51778479b4cdbdc0971767fca\",\"name\":\"leandroreisda\",\"image\":{\"@type\":\"ImageObject\",\"inLanguage\":\"fr-FR\",\"@id\":\"https:\/\/orallagos.pt\/#\/schema\/person\/image\/\",\"url\":\"https:\/\/orallagos.pt\/wp-content\/plugins\/one-user-avatar\/assets\/images\/wpua-96x96.png\",\"contentUrl\":\"https:\/\/orallagos.pt\/wp-content\/plugins\/one-user-avatar\/assets\/images\/wpua-96x96.png\",\"caption\":\"leandroreisda\"},\"url\":\"https:\/\/orallagos.pt\/fr\/author\/leandroreisda\/\"}]}<\/script>\n<!-- \/ Yoast SEO plugin. -->","yoast_head_json":{"title":"Orthodontie : l'adolescence est-elle le meilleur et le seul moment pour se faire traiter ?","description":"Orthodontie \u00e0 l'adolescence : avantages de la croissance osseuse, types d'appareils et cas r\u00e9els. D\u00e9couvrez si c'est le meilleur moment pour corriger votre sourire.","robots":{"index":"index","follow":"follow","max-snippet":"max-snippet:-1","max-image-preview":"max-image-preview:large","max-video-preview":"max-video-preview:-1"},"canonical":"https:\/\/orallagos.pt\/fr\/orthodontie-ladolescence-est-elle-le-meilleur-et-le-seul-moment-pour-se-faire-traiter\/","og_locale":"fr_FR","og_type":"article","og_title":"Orthodontie : l'adolescence est-elle le meilleur et le seul moment pour se faire traiter ?","og_description":"Orthodontie \u00e0 l'adolescence : avantages de la croissance osseuse, types d'appareils et cas r\u00e9els. D\u00e9couvrez si c'est le meilleur moment pour corriger votre sourire.","og_url":"https:\/\/orallagos.pt\/fr\/orthodontie-ladolescence-est-elle-le-meilleur-et-le-seul-moment-pour-se-faire-traiter\/","og_site_name":"Orallagos","article_publisher":"https:\/\/www.facebook.com\/orallagosclinica","article_published_time":"2025-12-03T14:56:33+00:00","article_modified_time":"2025-12-09T14:49:11+00:00","author":"leandroreisda","twitter_card":"summary_large_image","twitter_misc":{"\u00c9crit par":"leandroreisda","Dur\u00e9e de lecture estim\u00e9e":"11 minutes"},"schema":{"@context":"https:\/\/schema.org","@graph":[{"@type":"Article","@id":"https:\/\/orallagos.pt\/fr\/orthodontie-ladolescence-est-elle-le-meilleur-et-le-seul-moment-pour-se-faire-traiter\/#article","isPartOf":{"@id":"https:\/\/orallagos.pt\/fr\/orthodontie-ladolescence-est-elle-le-meilleur-et-le-seul-moment-pour-se-faire-traiter\/"},"author":{"name":"leandroreisda","@id":"https:\/\/orallagos.pt\/#\/schema\/person\/05363ea51778479b4cdbdc0971767fca"},"headline":"Orthodontie : l&#8217;adolescence est-elle le meilleur et le seul moment pour se faire traiter ?","datePublished":"2025-12-03T14:56:33+00:00","dateModified":"2025-12-09T14:49:11+00:00","mainEntityOfPage":{"@id":"https:\/\/orallagos.pt\/fr\/orthodontie-ladolescence-est-elle-le-meilleur-et-le-seul-moment-pour-se-faire-traiter\/"},"wordCount":2183,"commentCount":0,"publisher":{"@id":"https:\/\/orallagos.pt\/#organization"},"image":{"@id":"https:\/\/orallagos.pt\/fr\/orthodontie-ladolescence-est-elle-le-meilleur-et-le-seul-moment-pour-se-faire-traiter\/#primaryimage"},"thumbnailUrl":"https:\/\/orallagos.pt\/wp-content\/uploads\/2025\/12\/pleased-woman-dental-braces-taking-selfie-scaled.avif","keywords":["G\u00e9n\u00e9ralit\u00e9s","Orthodontie"],"articleSection":["G\u00e9n\u00e9ralit\u00e9s"],"inLanguage":"fr-FR","potentialAction":[{"@type":"CommentAction","name":"Comment","target":["https:\/\/orallagos.pt\/fr\/orthodontie-ladolescence-est-elle-le-meilleur-et-le-seul-moment-pour-se-faire-traiter\/#respond"]}]},{"@type":"WebPage","@id":"https:\/\/orallagos.pt\/fr\/orthodontie-ladolescence-est-elle-le-meilleur-et-le-seul-moment-pour-se-faire-traiter\/","url":"https:\/\/orallagos.pt\/fr\/orthodontie-ladolescence-est-elle-le-meilleur-et-le-seul-moment-pour-se-faire-traiter\/","name":"Orthodontie : l'adolescence est-elle le meilleur et le seul moment pour se faire traiter ?","isPartOf":{"@id":"https:\/\/orallagos.pt\/#website"},"primaryImageOfPage":{"@id":"https:\/\/orallagos.pt\/fr\/orthodontie-ladolescence-est-elle-le-meilleur-et-le-seul-moment-pour-se-faire-traiter\/#primaryimage"},"image":{"@id":"https:\/\/orallagos.pt\/fr\/orthodontie-ladolescence-est-elle-le-meilleur-et-le-seul-moment-pour-se-faire-traiter\/#primaryimage"},"thumbnailUrl":"https:\/\/orallagos.pt\/wp-content\/uploads\/2025\/12\/pleased-woman-dental-braces-taking-selfie-scaled.avif","datePublished":"2025-12-03T14:56:33+00:00","dateModified":"2025-12-09T14:49:11+00:00","description":"Orthodontie \u00e0 l'adolescence : avantages de la croissance osseuse, types d'appareils et cas r\u00e9els. D\u00e9couvrez si c'est le meilleur moment pour corriger votre sourire.","breadcrumb":{"@id":"https:\/\/orallagos.pt\/fr\/orthodontie-ladolescence-est-elle-le-meilleur-et-le-seul-moment-pour-se-faire-traiter\/#breadcrumb"},"inLanguage":"fr-FR","potentialAction":[{"@type":"ReadAction","target":["https:\/\/orallagos.pt\/fr\/orthodontie-ladolescence-est-elle-le-meilleur-et-le-seul-moment-pour-se-faire-traiter\/"]}]},{"@type":"ImageObject","inLanguage":"fr-FR","@id":"https:\/\/orallagos.pt\/fr\/orthodontie-ladolescence-est-elle-le-meilleur-et-le-seul-moment-pour-se-faire-traiter\/#primaryimage","url":"https:\/\/orallagos.pt\/wp-content\/uploads\/2025\/12\/pleased-woman-dental-braces-taking-selfie-scaled.avif","contentUrl":"https:\/\/orallagos.pt\/wp-content\/uploads\/2025\/12\/pleased-woman-dental-braces-taking-selfie-scaled.avif","width":2560,"height":1707},{"@type":"BreadcrumbList","@id":"https:\/\/orallagos.pt\/fr\/orthodontie-ladolescence-est-elle-le-meilleur-et-le-seul-moment-pour-se-faire-traiter\/#breadcrumb","itemListElement":[{"@type":"ListItem","position":1,"name":"Home","item":"https:\/\/orallagos.pt\/de\/"},{"@type":"ListItem","position":2,"name":"Orthodontie : l&#8217;adolescence est-elle le meilleur et le seul moment pour se faire traiter ?"}]},{"@type":"WebSite","@id":"https:\/\/orallagos.pt\/#website","url":"https:\/\/orallagos.pt\/","name":"Orallagos","description":"","publisher":{"@id":"https:\/\/orallagos.pt\/#organization"},"potentialAction":[{"@type":"SearchAction","target":{"@type":"EntryPoint","urlTemplate":"https:\/\/orallagos.pt\/?s={search_term_string}"},"query-input":{"@type":"PropertyValueSpecification","valueRequired":true,"valueName":"search_term_string"}}],"inLanguage":"fr-FR"},{"@type":"Organization","@id":"https:\/\/orallagos.pt\/#organization","name":"Orallagos","url":"https:\/\/orallagos.pt\/","logo":{"@type":"ImageObject","inLanguage":"fr-FR","@id":"https:\/\/orallagos.pt\/#\/schema\/logo\/image\/","url":"https:\/\/orallagos.pt\/wp-content\/uploads\/2025\/08\/cropped-cropped-orallagos-logo-blue-.png","contentUrl":"https:\/\/orallagos.pt\/wp-content\/uploads\/2025\/08\/cropped-cropped-orallagos-logo-blue-.png","width":229,"height":63,"caption":"Orallagos"},"image":{"@id":"https:\/\/orallagos.pt\/#\/schema\/logo\/image\/"},"sameAs":["https:\/\/www.facebook.com\/orallagosclinica","https:\/\/www.instagram.com\/orallagosclinica\/","https:\/\/www.linkedin.com\/company\/orallagos---centro-dent-rio-especializado\/about\/"]},{"@type":"Person","@id":"https:\/\/orallagos.pt\/#\/schema\/person\/05363ea51778479b4cdbdc0971767fca","name":"leandroreisda","image":{"@type":"ImageObject","inLanguage":"fr-FR","@id":"https:\/\/orallagos.pt\/#\/schema\/person\/image\/","url":"https:\/\/orallagos.pt\/wp-content\/plugins\/one-user-avatar\/assets\/images\/wpua-96x96.png","contentUrl":"https:\/\/orallagos.pt\/wp-content\/plugins\/one-user-avatar\/assets\/images\/wpua-96x96.png","caption":"leandroreisda"},"url":"https:\/\/orallagos.pt\/fr\/author\/leandroreisda\/"}]}},"_links":{"self":[{"href":"https:\/\/orallagos.pt\/fr\/wp-json\/wp\/v2\/posts\/6875","targetHints":{"allow":["GET"]}}],"collection":[{"href":"https:\/\/orallagos.pt\/fr\/wp-json\/wp\/v2\/posts"}],"about":[{"href":"https:\/\/orallagos.pt\/fr\/wp-json\/wp\/v2\/types\/post"}],"author":[{"embeddable":true,"href":"https:\/\/orallagos.pt\/fr\/wp-json\/wp\/v2\/users\/2"}],"replies":[{"embeddable":true,"href":"https:\/\/orallagos.pt\/fr\/wp-json\/wp\/v2\/comments?post=6875"}],"version-history":[{"count":1,"href":"https:\/\/orallagos.pt\/fr\/wp-json\/wp\/v2\/posts\/6875\/revisions"}],"predecessor-version":[{"id":6877,"href":"https:\/\/orallagos.pt\/fr\/wp-json\/wp\/v2\/posts\/6875\/revisions\/6877"}],"wp:featuredmedia":[{"embeddable":true,"href":"https:\/\/orallagos.pt\/fr\/wp-json\/wp\/v2\/media\/6809"}],"wp:attachment":[{"href":"https:\/\/orallagos.pt\/fr\/wp-json\/wp\/v2\/media?parent=6875"}],"wp:term":[{"taxonomy":"category","embeddable":true,"href":"https:\/\/orallagos.pt\/fr\/wp-json\/wp\/v2\/categories?post=6875"},{"taxonomy":"post_tag","embeddable":true,"href":"https:\/\/orallagos.pt\/fr\/wp-json\/wp\/v2\/tags?post=6875"}],"curies":[{"name":"wp","href":"https:\/\/api.w.org\/{rel}","templated":true}]}}