{"id":6245,"date":"2025-08-16T09:18:16","date_gmt":"2025-08-16T09:18:16","guid":{"rendered":"https:\/\/orallagos.pt\/sterilisation-et-purification-de-lair\/"},"modified":"2025-11-07T12:38:56","modified_gmt":"2025-11-07T12:38:56","slug":"sterilisation-et-purification-de-lair","status":"publish","type":"post","link":"https:\/\/orallagos.pt\/fr\/sterilisation-et-purification-de-lair\/","title":{"rendered":"St\u00e9rilisation et purification de l\u2019air"},"content":{"rendered":"\t\t<div data-elementor-type=\"wp-post\" data-elementor-id=\"6245\" class=\"elementor elementor-6245 elementor-109\" data-elementor-post-type=\"post\">\n\t\t\t\t<div class=\"elementor-element elementor-element-a116013 e-con-full e-flex pxl-column-none pxl-row-scroll-none pxl-zoom-point-false pxl-section-overflow-visible pxl-section-fix-none pxl-full-content-with-space-none pxl-bg-color-none pxl-section-overlay-none e-con e-parent \" data-id=\"a116013\" data-element_type=\"container\" data-e-type=\"container\"><div class=\"elementor-element elementor-element-50faf07 e-con-full e-flex pxl-column-none pxl-row-scroll-none pxl-zoom-point-false pxl-section-overflow-visible pxl-section-fix-none pxl-full-content-with-space-none pxl-bg-color-none pxl-section-overlay-none e-con e-child \" data-id=\"50faf07\" data-element_type=\"container\" data-e-type=\"container\">\t\t<div class=\"elementor-element elementor-element-3496f2c elementor-widget elementor-widget-pxl_heading\" data-id=\"3496f2c\" data-element_type=\"widget\" data-e-type=\"widget\" data-widget_type=\"pxl_heading.default\">\n\t\t\t\t<div class=\"elementor-widget-container\">\n\t\t\t\t\t<div id=\"pxl-pxl_heading-3496f2c-8130\" class=\"pxl-heading px-sub-title-default-style\">\n\t<div class=\"pxl-heading--inner\">\n\t\t\n\t\t\n\t\t<h2 class=\"pxl-item--title wow fadeInUp\" data-wow-delay=\"400ms\">\n\t\t\tSt\u00e9rilisation et purification de l\u2019air\n\t\t\n\t\t<\/h2>\n\n\t\t\t\t\n\t<\/div>\n<\/div>\t\t\t\t<\/div>\n\t\t\t\t<\/div>\n\t\t\t\t<div class=\"elementor-element elementor-element-afa2e1d elementor-widget elementor-widget-spacer\" data-id=\"afa2e1d\" data-element_type=\"widget\" data-e-type=\"widget\" data-widget_type=\"spacer.default\">\n\t\t\t\t\t\t\t<div class=\"elementor-spacer\">\n\t\t\t<div class=\"elementor-spacer-inner\"><\/div>\n\t\t<\/div>\n\t\t\t\t\t\t<\/div>\n\t\t\t\t<\/div>\r\n\t\t<div class=\"elementor-element elementor-element-f52710b e-con-full e-flex pxl-column-none pxl-row-scroll-none pxl-zoom-point-false pxl-section-overflow-visible pxl-section-fix-none pxl-full-content-with-space-none pxl-bg-color-none pxl-section-overlay-none e-con e-child \" data-id=\"f52710b\" data-element_type=\"container\" data-e-type=\"container\">\t\t<div class=\"elementor-element elementor-element-2fb3570 elementor-widget elementor-widget-pxl_image\" data-id=\"2fb3570\" data-element_type=\"widget\" data-e-type=\"widget\" data-widget_type=\"pxl_image.default\">\n\t\t\t\t<div class=\"elementor-widget-container\">\n\t\t\t\t\t<div id=\"pxl_image-2fb3570-8603\" class=\"pxl-image-single  style-default \" data-wow-delay=\"ms\" >\r\n    <div class=\"pxl-item--inner \" data-wow-delay=\"120ms\">\r\n        \r\n                                <div class=\"pxl-item--bg bg-image \" data-wow-delay=\"ms\" style=\"background-image: url(https:\/\/orallagos.pt\/wp-content\/uploads\/2025\/10\/purificacao-ar-1200x688-1.jpg);\"><\/div>\r\n                                <\/div>\r\n<\/div>\t\t\t\t<\/div>\n\t\t\t\t<\/div>\n\t\t\t\t<\/div>\r\n\t\t<div class=\"elementor-element elementor-element-65e0f5b e-con-full e-flex pxl-column-none pxl-row-scroll-none pxl-zoom-point-false pxl-section-overflow-visible pxl-section-fix-none pxl-full-content-with-space-none pxl-bg-color-none pxl-section-overlay-none e-con e-child \" data-id=\"65e0f5b\" data-element_type=\"container\" data-e-type=\"container\">\t\t<div class=\"elementor-element elementor-element-ac2b88f elementor-widget elementor-widget-pxl_meta\" data-id=\"ac2b88f\" data-element_type=\"widget\" data-e-type=\"widget\" data-widget_type=\"pxl_meta.default\">\n\t\t\t\t<div class=\"elementor-widget-container\">\n\t\t\t\t\t    <div class=\"pxl-meta pxl-meta1\">\r\n    \t<div class=\"pxl-meta-inner\">\r\n    \t\t\t            <div class=\"pxl-item \" data-wow-delay=\"ms\">\r\n\t\t\t\t\t\t                <div class=\"pxl-item-content\">\r\n\t                \t\r\n\t\t                \t\t\t                <div class=\"pxl-item-desc\">\r\n\t\t\t                    Sabia que a Orallagos instalou um sistema de esteriliza\u00e7\u00e3o e purifica\u00e7\u00e3o de ar que mant\u00e9m o interior livre de v\u00edrus e bact\u00e9rias para que todos estejamos ainda mais seguros.\t\t\t                <\/div>\r\n\t\t                \t                <\/div>\r\n\t            <\/div>\r\n\t            \t<\/div>\r\n    <\/div>\r\n\t\t\t\t<\/div>\n\t\t\t\t<\/div>\n\t\t\t\t<\/div>\r\n\t\t\t\t<\/div>\r\n\t\t\t\t<\/div>\n\t\t","protected":false},"excerpt":{"rendered":"<p>St\u00e9rilisation et purification de l\u2019air Sabia que a Orallagos instalou um sistema de esteriliza\u00e7\u00e3o e purifica\u00e7\u00e3o de ar que mant\u00e9m o interior livre de v\u00edrus e bact\u00e9rias para que todos estejamos ainda mais seguros.<\/p>\n","protected":false},"author":2,"featured_media":4884,"comment_status":"open","ping_status":"open","sticky":false,"template":"","format":"standard","meta":{"footnotes":""},"categories":[57],"tags":[58],"class_list":["post-6245","post","type-post","status-publish","format-standard","has-post-thumbnail","hentry","category-generalites","tag-generalites"],"yoast_head":"<!-- This site is optimized with the Yoast SEO plugin v26.9 - https:\/\/yoast.com\/product\/yoast-seo-wordpress\/ -->\n<title>St\u00e9rilisation et purification de l\u2019air - Orallagos<\/title>\n<meta name=\"robots\" content=\"index, follow, max-snippet:-1, max-image-preview:large, max-video-preview:-1\" \/>\n<link rel=\"canonical\" href=\"https:\/\/orallagos.pt\/esterilizacao-e-purificacao-de-ar\/\" \/>\n<meta property=\"og:locale\" content=\"fr_FR\" \/>\n<meta property=\"og:type\" content=\"article\" \/>\n<meta property=\"og:title\" content=\"St\u00e9rilisation et purification de l\u2019air - Orallagos\" \/>\n<meta property=\"og:description\" content=\"St\u00e9rilisation et purification de l\u2019air Sabia que a Orallagos instalou um sistema de esteriliza\u00e7\u00e3o e purifica\u00e7\u00e3o de ar que mant\u00e9m o interior livre de v\u00edrus e bact\u00e9rias para que todos estejamos ainda mais seguros.\" \/>\n<meta property=\"og:url\" content=\"https:\/\/orallagos.pt\/esterilizacao-e-purificacao-de-ar\/\" \/>\n<meta property=\"og:site_name\" content=\"Orallagos\" \/>\n<meta property=\"article:publisher\" content=\"https:\/\/www.facebook.com\/orallagosclinica\" \/>\n<meta property=\"article:published_time\" content=\"2025-08-16T09:18:16+00:00\" \/>\n<meta property=\"article:modified_time\" content=\"2025-11-07T12:38:56+00:00\" \/>\n<meta property=\"og:image\" content=\"https:\/\/orallagos.pt\/wp-content\/uploads\/2025\/10\/purificacao-ar-1200x688-1.jpg\" \/>\n\t<meta property=\"og:image:width\" content=\"1200\" \/>\n\t<meta property=\"og:image:height\" content=\"688\" \/>\n\t<meta property=\"og:image:type\" content=\"image\/jpeg\" \/>\n<meta name=\"author\" content=\"leandroreisda\" \/>\n<meta name=\"twitter:card\" content=\"summary_large_image\" \/>\n<meta name=\"twitter:label1\" content=\"\u00c9crit par\" \/>\n\t<meta name=\"twitter:data1\" content=\"leandroreisda\" \/>\n<script type=\"application\/ld+json\" class=\"yoast-schema-graph\">{\"@context\":\"https:\/\/schema.org\",\"@graph\":[{\"@type\":\"Article\",\"@id\":\"https:\/\/orallagos.pt\/esterilizacao-e-purificacao-de-ar\/#article\",\"isPartOf\":{\"@id\":\"https:\/\/orallagos.pt\/esterilizacao-e-purificacao-de-ar\/\"},\"author\":{\"name\":\"leandroreisda\",\"@id\":\"https:\/\/orallagos.pt\/#\/schema\/person\/05363ea51778479b4cdbdc0971767fca\"},\"headline\":\"St\u00e9rilisation et purification de l\u2019air\",\"datePublished\":\"2025-08-16T09:18:16+00:00\",\"dateModified\":\"2025-11-07T12:38:56+00:00\",\"mainEntityOfPage\":{\"@id\":\"https:\/\/orallagos.pt\/esterilizacao-e-purificacao-de-ar\/\"},\"wordCount\":48,\"commentCount\":0,\"publisher\":{\"@id\":\"https:\/\/orallagos.pt\/#organization\"},\"image\":{\"@id\":\"https:\/\/orallagos.pt\/esterilizacao-e-purificacao-de-ar\/#primaryimage\"},\"thumbnailUrl\":\"https:\/\/orallagos.pt\/wp-content\/uploads\/2025\/10\/purificacao-ar-1200x688-1.jpg\",\"keywords\":[\"G\u00e9n\u00e9ralit\u00e9s\"],\"articleSection\":[\"G\u00e9n\u00e9ralit\u00e9s\"],\"inLanguage\":\"fr-FR\",\"potentialAction\":[{\"@type\":\"CommentAction\",\"name\":\"Comment\",\"target\":[\"https:\/\/orallagos.pt\/esterilizacao-e-purificacao-de-ar\/#respond\"]}]},{\"@type\":\"WebPage\",\"@id\":\"https:\/\/orallagos.pt\/esterilizacao-e-purificacao-de-ar\/\",\"url\":\"https:\/\/orallagos.pt\/esterilizacao-e-purificacao-de-ar\/\",\"name\":\"St\u00e9rilisation et purification de l\u2019air - Orallagos\",\"isPartOf\":{\"@id\":\"https:\/\/orallagos.pt\/#website\"},\"primaryImageOfPage\":{\"@id\":\"https:\/\/orallagos.pt\/esterilizacao-e-purificacao-de-ar\/#primaryimage\"},\"image\":{\"@id\":\"https:\/\/orallagos.pt\/esterilizacao-e-purificacao-de-ar\/#primaryimage\"},\"thumbnailUrl\":\"https:\/\/orallagos.pt\/wp-content\/uploads\/2025\/10\/purificacao-ar-1200x688-1.jpg\",\"datePublished\":\"2025-08-16T09:18:16+00:00\",\"dateModified\":\"2025-11-07T12:38:56+00:00\",\"breadcrumb\":{\"@id\":\"https:\/\/orallagos.pt\/esterilizacao-e-purificacao-de-ar\/#breadcrumb\"},\"inLanguage\":\"fr-FR\",\"potentialAction\":[{\"@type\":\"ReadAction\",\"target\":[\"https:\/\/orallagos.pt\/esterilizacao-e-purificacao-de-ar\/\"]}]},{\"@type\":\"ImageObject\",\"inLanguage\":\"fr-FR\",\"@id\":\"https:\/\/orallagos.pt\/esterilizacao-e-purificacao-de-ar\/#primaryimage\",\"url\":\"https:\/\/orallagos.pt\/wp-content\/uploads\/2025\/10\/purificacao-ar-1200x688-1.jpg\",\"contentUrl\":\"https:\/\/orallagos.pt\/wp-content\/uploads\/2025\/10\/purificacao-ar-1200x688-1.jpg\",\"width\":1200,\"height\":688},{\"@type\":\"BreadcrumbList\",\"@id\":\"https:\/\/orallagos.pt\/esterilizacao-e-purificacao-de-ar\/#breadcrumb\",\"itemListElement\":[{\"@type\":\"ListItem\",\"position\":1,\"name\":\"Home\",\"item\":\"https:\/\/orallagos.pt\/de\/\"},{\"@type\":\"ListItem\",\"position\":2,\"name\":\"St\u00e9rilisation et purification de l\u2019air\"}]},{\"@type\":\"WebSite\",\"@id\":\"https:\/\/orallagos.pt\/#website\",\"url\":\"https:\/\/orallagos.pt\/\",\"name\":\"Orallagos\",\"description\":\"\",\"publisher\":{\"@id\":\"https:\/\/orallagos.pt\/#organization\"},\"potentialAction\":[{\"@type\":\"SearchAction\",\"target\":{\"@type\":\"EntryPoint\",\"urlTemplate\":\"https:\/\/orallagos.pt\/?s={search_term_string}\"},\"query-input\":{\"@type\":\"PropertyValueSpecification\",\"valueRequired\":true,\"valueName\":\"search_term_string\"}}],\"inLanguage\":\"fr-FR\"},{\"@type\":\"Organization\",\"@id\":\"https:\/\/orallagos.pt\/#organization\",\"name\":\"Orallagos\",\"url\":\"https:\/\/orallagos.pt\/\",\"logo\":{\"@type\":\"ImageObject\",\"inLanguage\":\"fr-FR\",\"@id\":\"https:\/\/orallagos.pt\/#\/schema\/logo\/image\/\",\"url\":\"https:\/\/orallagos.pt\/wp-content\/uploads\/2025\/08\/cropped-cropped-orallagos-logo-blue-.png\",\"contentUrl\":\"https:\/\/orallagos.pt\/wp-content\/uploads\/2025\/08\/cropped-cropped-orallagos-logo-blue-.png\",\"width\":229,\"height\":63,\"caption\":\"Orallagos\"},\"image\":{\"@id\":\"https:\/\/orallagos.pt\/#\/schema\/logo\/image\/\"},\"sameAs\":[\"https:\/\/www.facebook.com\/orallagosclinica\",\"https:\/\/www.instagram.com\/orallagosclinica\/\",\"https:\/\/www.linkedin.com\/company\/orallagos---centro-dent-rio-especializado\/about\/\"]},{\"@type\":\"Person\",\"@id\":\"https:\/\/orallagos.pt\/#\/schema\/person\/05363ea51778479b4cdbdc0971767fca\",\"name\":\"leandroreisda\",\"image\":{\"@type\":\"ImageObject\",\"inLanguage\":\"fr-FR\",\"@id\":\"https:\/\/orallagos.pt\/#\/schema\/person\/image\/\",\"url\":\"https:\/\/orallagos.pt\/wp-content\/plugins\/one-user-avatar\/assets\/images\/wpua-96x96.png\",\"contentUrl\":\"https:\/\/orallagos.pt\/wp-content\/plugins\/one-user-avatar\/assets\/images\/wpua-96x96.png\",\"caption\":\"leandroreisda\"},\"url\":\"https:\/\/orallagos.pt\/fr\/author\/leandroreisda\/\"}]}<\/script>\n<!-- \/ Yoast SEO plugin. -->","yoast_head_json":{"title":"St\u00e9rilisation et purification de l\u2019air - Orallagos","robots":{"index":"index","follow":"follow","max-snippet":"max-snippet:-1","max-image-preview":"max-image-preview:large","max-video-preview":"max-video-preview:-1"},"canonical":"https:\/\/orallagos.pt\/esterilizacao-e-purificacao-de-ar\/","og_locale":"fr_FR","og_type":"article","og_title":"St\u00e9rilisation et purification de l\u2019air - Orallagos","og_description":"St\u00e9rilisation et purification de l\u2019air Sabia que a Orallagos instalou um sistema de esteriliza\u00e7\u00e3o e purifica\u00e7\u00e3o de ar que mant\u00e9m o interior livre de v\u00edrus e bact\u00e9rias para que todos estejamos ainda mais seguros.","og_url":"https:\/\/orallagos.pt\/esterilizacao-e-purificacao-de-ar\/","og_site_name":"Orallagos","article_publisher":"https:\/\/www.facebook.com\/orallagosclinica","article_published_time":"2025-08-16T09:18:16+00:00","article_modified_time":"2025-11-07T12:38:56+00:00","og_image":[{"width":1200,"height":688,"url":"https:\/\/orallagos.pt\/wp-content\/uploads\/2025\/10\/purificacao-ar-1200x688-1.jpg","type":"image\/jpeg"}],"author":"leandroreisda","twitter_card":"summary_large_image","twitter_misc":{"\u00c9crit par":"leandroreisda"},"schema":{"@context":"https:\/\/schema.org","@graph":[{"@type":"Article","@id":"https:\/\/orallagos.pt\/esterilizacao-e-purificacao-de-ar\/#article","isPartOf":{"@id":"https:\/\/orallagos.pt\/esterilizacao-e-purificacao-de-ar\/"},"author":{"name":"leandroreisda","@id":"https:\/\/orallagos.pt\/#\/schema\/person\/05363ea51778479b4cdbdc0971767fca"},"headline":"St\u00e9rilisation et purification de l\u2019air","datePublished":"2025-08-16T09:18:16+00:00","dateModified":"2025-11-07T12:38:56+00:00","mainEntityOfPage":{"@id":"https:\/\/orallagos.pt\/esterilizacao-e-purificacao-de-ar\/"},"wordCount":48,"commentCount":0,"publisher":{"@id":"https:\/\/orallagos.pt\/#organization"},"image":{"@id":"https:\/\/orallagos.pt\/esterilizacao-e-purificacao-de-ar\/#primaryimage"},"thumbnailUrl":"https:\/\/orallagos.pt\/wp-content\/uploads\/2025\/10\/purificacao-ar-1200x688-1.jpg","keywords":["G\u00e9n\u00e9ralit\u00e9s"],"articleSection":["G\u00e9n\u00e9ralit\u00e9s"],"inLanguage":"fr-FR","potentialAction":[{"@type":"CommentAction","name":"Comment","target":["https:\/\/orallagos.pt\/esterilizacao-e-purificacao-de-ar\/#respond"]}]},{"@type":"WebPage","@id":"https:\/\/orallagos.pt\/esterilizacao-e-purificacao-de-ar\/","url":"https:\/\/orallagos.pt\/esterilizacao-e-purificacao-de-ar\/","name":"St\u00e9rilisation et purification de l\u2019air - Orallagos","isPartOf":{"@id":"https:\/\/orallagos.pt\/#website"},"primaryImageOfPage":{"@id":"https:\/\/orallagos.pt\/esterilizacao-e-purificacao-de-ar\/#primaryimage"},"image":{"@id":"https:\/\/orallagos.pt\/esterilizacao-e-purificacao-de-ar\/#primaryimage"},"thumbnailUrl":"https:\/\/orallagos.pt\/wp-content\/uploads\/2025\/10\/purificacao-ar-1200x688-1.jpg","datePublished":"2025-08-16T09:18:16+00:00","dateModified":"2025-11-07T12:38:56+00:00","breadcrumb":{"@id":"https:\/\/orallagos.pt\/esterilizacao-e-purificacao-de-ar\/#breadcrumb"},"inLanguage":"fr-FR","potentialAction":[{"@type":"ReadAction","target":["https:\/\/orallagos.pt\/esterilizacao-e-purificacao-de-ar\/"]}]},{"@type":"ImageObject","inLanguage":"fr-FR","@id":"https:\/\/orallagos.pt\/esterilizacao-e-purificacao-de-ar\/#primaryimage","url":"https:\/\/orallagos.pt\/wp-content\/uploads\/2025\/10\/purificacao-ar-1200x688-1.jpg","contentUrl":"https:\/\/orallagos.pt\/wp-content\/uploads\/2025\/10\/purificacao-ar-1200x688-1.jpg","width":1200,"height":688},{"@type":"BreadcrumbList","@id":"https:\/\/orallagos.pt\/esterilizacao-e-purificacao-de-ar\/#breadcrumb","itemListElement":[{"@type":"ListItem","position":1,"name":"Home","item":"https:\/\/orallagos.pt\/de\/"},{"@type":"ListItem","position":2,"name":"St\u00e9rilisation et purification de l\u2019air"}]},{"@type":"WebSite","@id":"https:\/\/orallagos.pt\/#website","url":"https:\/\/orallagos.pt\/","name":"Orallagos","description":"","publisher":{"@id":"https:\/\/orallagos.pt\/#organization"},"potentialAction":[{"@type":"SearchAction","target":{"@type":"EntryPoint","urlTemplate":"https:\/\/orallagos.pt\/?s={search_term_string}"},"query-input":{"@type":"PropertyValueSpecification","valueRequired":true,"valueName":"search_term_string"}}],"inLanguage":"fr-FR"},{"@type":"Organization","@id":"https:\/\/orallagos.pt\/#organization","name":"Orallagos","url":"https:\/\/orallagos.pt\/","logo":{"@type":"ImageObject","inLanguage":"fr-FR","@id":"https:\/\/orallagos.pt\/#\/schema\/logo\/image\/","url":"https:\/\/orallagos.pt\/wp-content\/uploads\/2025\/08\/cropped-cropped-orallagos-logo-blue-.png","contentUrl":"https:\/\/orallagos.pt\/wp-content\/uploads\/2025\/08\/cropped-cropped-orallagos-logo-blue-.png","width":229,"height":63,"caption":"Orallagos"},"image":{"@id":"https:\/\/orallagos.pt\/#\/schema\/logo\/image\/"},"sameAs":["https:\/\/www.facebook.com\/orallagosclinica","https:\/\/www.instagram.com\/orallagosclinica\/","https:\/\/www.linkedin.com\/company\/orallagos---centro-dent-rio-especializado\/about\/"]},{"@type":"Person","@id":"https:\/\/orallagos.pt\/#\/schema\/person\/05363ea51778479b4cdbdc0971767fca","name":"leandroreisda","image":{"@type":"ImageObject","inLanguage":"fr-FR","@id":"https:\/\/orallagos.pt\/#\/schema\/person\/image\/","url":"https:\/\/orallagos.pt\/wp-content\/plugins\/one-user-avatar\/assets\/images\/wpua-96x96.png","contentUrl":"https:\/\/orallagos.pt\/wp-content\/plugins\/one-user-avatar\/assets\/images\/wpua-96x96.png","caption":"leandroreisda"},"url":"https:\/\/orallagos.pt\/fr\/author\/leandroreisda\/"}]}},"_links":{"self":[{"href":"https:\/\/orallagos.pt\/fr\/wp-json\/wp\/v2\/posts\/6245","targetHints":{"allow":["GET"]}}],"collection":[{"href":"https:\/\/orallagos.pt\/fr\/wp-json\/wp\/v2\/posts"}],"about":[{"href":"https:\/\/orallagos.pt\/fr\/wp-json\/wp\/v2\/types\/post"}],"author":[{"embeddable":true,"href":"https:\/\/orallagos.pt\/fr\/wp-json\/wp\/v2\/users\/2"}],"replies":[{"embeddable":true,"href":"https:\/\/orallagos.pt\/fr\/wp-json\/wp\/v2\/comments?post=6245"}],"version-history":[{"count":1,"href":"https:\/\/orallagos.pt\/fr\/wp-json\/wp\/v2\/posts\/6245\/revisions"}],"predecessor-version":[{"id":6246,"href":"https:\/\/orallagos.pt\/fr\/wp-json\/wp\/v2\/posts\/6245\/revisions\/6246"}],"wp:featuredmedia":[{"embeddable":true,"href":"https:\/\/orallagos.pt\/fr\/wp-json\/wp\/v2\/media\/4884"}],"wp:attachment":[{"href":"https:\/\/orallagos.pt\/fr\/wp-json\/wp\/v2\/media?parent=6245"}],"wp:term":[{"taxonomy":"category","embeddable":true,"href":"https:\/\/orallagos.pt\/fr\/wp-json\/wp\/v2\/categories?post=6245"},{"taxonomy":"post_tag","embeddable":true,"href":"https:\/\/orallagos.pt\/fr\/wp-json\/wp\/v2\/tags?post=6245"}],"curies":[{"name":"wp","href":"https:\/\/api.w.org\/{rel}","templated":true}]}}