{"id":7155,"date":"2026-02-12T10:55:53","date_gmt":"2026-02-12T10:55:53","guid":{"rendered":"https:\/\/orallagos.pt\/zahnaufhellung-alles-was-sie-fuer-ein-strahlenderes-und-selbstbewussteres-laecheln-wissen-muessen\/"},"modified":"2026-02-12T11:35:08","modified_gmt":"2026-02-12T11:35:08","slug":"zahnaufhellung-alles-was-sie-fuer-ein-strahlenderes-und-selbstbewussteres-laecheln-wissen-muessen","status":"publish","type":"post","link":"https:\/\/orallagos.pt\/de\/zahnaufhellung-alles-was-sie-fuer-ein-strahlenderes-und-selbstbewussteres-laecheln-wissen-muessen\/","title":{"rendered":"Zahnaufhellung: Alles, was Sie f\u00fcr ein strahlenderes und selbstbewussteres L\u00e4cheln wissen m\u00fcssen"},"content":{"rendered":"\t\t<div data-elementor-type=\"wp-post\" data-elementor-id=\"7155\" class=\"elementor elementor-7155 elementor-7084\" data-elementor-post-type=\"post\">\n\t\t\t\t<div class=\"elementor-element elementor-element-a116013 e-con-full e-flex pxl-column-none pxl-row-scroll-none pxl-zoom-point-false pxl-section-overflow-visible pxl-section-fix-none pxl-full-content-with-space-none pxl-bg-color-none pxl-section-overlay-none e-con e-parent \" data-id=\"a116013\" data-element_type=\"container\" data-e-type=\"container\"><div class=\"elementor-element elementor-element-f52710b e-con-full e-flex pxl-column-none pxl-row-scroll-none pxl-zoom-point-false pxl-section-overflow-visible pxl-section-fix-none pxl-full-content-with-space-none pxl-bg-color-none pxl-section-overlay-none e-con e-child \" data-id=\"f52710b\" data-element_type=\"container\" data-e-type=\"container\">\t\t<div class=\"elementor-element elementor-element-2fb3570 elementor-widget elementor-widget-pxl_image\" data-id=\"2fb3570\" data-element_type=\"widget\" data-e-type=\"widget\" data-widget_type=\"pxl_image.default\">\n\t\t\t\t<div class=\"elementor-widget-container\">\n\t\t\t\t\t<div id=\"pxl_image-2fb3570-8676\" class=\"pxl-image-single  style-default \" data-wow-delay=\"ms\" >\r\n    <div class=\"pxl-item--inner \" data-wow-delay=\"120ms\">\r\n        \r\n                                <div class=\"pxl-item--bg bg-image \" data-wow-delay=\"ms\" style=\"background-image: url(https:\/\/orallagos.pt\/wp-content\/uploads\/2026\/02\/Rectangle-23951.jpg);\"><\/div>\r\n                                <\/div>\r\n<\/div>\t\t\t\t<\/div>\n\t\t\t\t<\/div>\n\t\t\t\t<\/div>\r\n\t\t<div class=\"elementor-element elementor-element-65e0f5b e-con-full e-flex pxl-column-none pxl-row-scroll-none pxl-zoom-point-false pxl-section-overflow-visible pxl-section-fix-none pxl-full-content-with-space-none pxl-bg-color-none pxl-section-overlay-none e-con e-child \" data-id=\"65e0f5b\" data-element_type=\"container\" data-e-type=\"container\">\t\t<div class=\"elementor-element elementor-element-a9fa555 elementor-widget elementor-widget-spacer\" data-id=\"a9fa555\" data-element_type=\"widget\" data-e-type=\"widget\" data-widget_type=\"spacer.default\">\n\t\t\t\t\t\t\t<div class=\"elementor-spacer\">\n\t\t\t<div class=\"elementor-spacer-inner\"><\/div>\n\t\t<\/div>\n\t\t\t\t\t\t<\/div>\n\t\t\t\t<div class=\"elementor-element elementor-element-2929c54 elementor-widget elementor-widget-pxl_heading\" data-id=\"2929c54\" data-element_type=\"widget\" data-e-type=\"widget\" data-widget_type=\"pxl_heading.default\">\n\t\t\t\t<div class=\"elementor-widget-container\">\n\t\t\t\t\t<div id=\"pxl-pxl_heading-2929c54-1260\" class=\"pxl-heading px-sub-title-default-style\">\n\t<div class=\"pxl-heading--inner\">\n\t\t\n\t\t\n\t\t<h2 class=\"pxl-item--title \" data-wow-delay=\"ms\">\n\t\t\tEin strahlendes L\u00e4cheln vermittelt Gesundheit, Wohlbefinden und Selbstvertrauen.\t\t\n\t\t<\/h2>\n\n\t\t\t\t\n\t<\/div>\n<\/div>\t\t\t\t<\/div>\n\t\t\t\t<\/div>\n\t\t\t\t<div class=\"elementor-element elementor-element-9f549c3 elementor-widget elementor-widget-text-editor\" data-id=\"9f549c3\" data-element_type=\"widget\" data-e-type=\"widget\" data-widget_type=\"text-editor.default\">\n\t\t\t\t\t\t\t\t\t<div><div><p><strong>Wenn Sie Ihr L\u00e4cheln versch\u00f6nern m\u00f6chten, kann eine Zahnaufhellung die ideale L\u00f6sung sein.<\/strong><\/p><p>In diesem Artikel beantworten wir die h\u00e4ufigsten Fragen, damit Sie eine fundierte, sichere Entscheidung treffen k\u00f6nnen, die zu sichtbaren Ergebnissen f\u00fchrt.<\/p><\/div><\/div>\t\t\t\t\t\t\t\t<\/div>\n\t\t\t\t<\/div>\r\n\t\t\t\t<\/div>\r\n\t\t<div class=\"elementor-element elementor-element-a8ad8eb e-flex e-con-boxed pxl-column-none pxl-row-scroll-none pxl-zoom-point-false pxl-section-overflow-visible pxl-section-fix-none pxl-full-content-with-space-none pxl-bg-color-none pxl-section-overlay-none e-con e-parent \" data-id=\"a8ad8eb\" data-element_type=\"container\" data-e-type=\"container\">\t\t\t<div class=\"e-con-inner\">\r\n\t\t\t\t<div class=\"elementor-element elementor-element-f77d708 elementor-widget elementor-widget-pxl_heading\" data-id=\"f77d708\" data-element_type=\"widget\" data-e-type=\"widget\" data-widget_type=\"pxl_heading.default\">\n\t\t\t\t<div class=\"elementor-widget-container\">\n\t\t\t\t\t<div id=\"pxl-pxl_heading-f77d708-4585\" class=\"pxl-heading px-sub-title-default-style\">\n\t<div class=\"pxl-heading--inner\">\n\t\t\n\t\t\n\t\t<h2 class=\"pxl-item--title \" data-wow-delay=\"ms\">\n\t\t\tWas ist Zahnaufhellung?\t\t\n\t\t<\/h2>\n\n\t\t\t\t\n\t<\/div>\n<\/div>\t\t\t\t<\/div>\n\t\t\t\t<\/div>\n\t\t\t\t<div class=\"elementor-element elementor-element-0bb0c7b elementor-widget elementor-widget-text-editor\" data-id=\"0bb0c7b\" data-element_type=\"widget\" data-e-type=\"widget\" data-widget_type=\"text-editor.default\">\n\t\t\t\t\t\t\t\t\t<div class=\"c-full seccion_2\"><div class=\"c-wrapper\"><div><div><p>Die Zahnaufhellung ist ein kosmetischer Eingriff, der darauf abzielt, die Farbe der Z\u00e4hne aufzuhellen und Flecken und Verf\u00e4rbungen zu entfernen, die durch Faktoren wie Kaffee, Rotwein, Tabak oder nat\u00fcrliche Alterung verursacht werden.<\/p><p>Es ist eine wirksame und sichere Methode, um Ihr L\u00e4cheln zu versch\u00f6nern.<\/p><\/div><\/div><\/div><\/div>\t\t\t\t\t\t\t\t<\/div>\n\t\t\t\t<div class=\"elementor-element elementor-element-9ba6b82 elementor-widget elementor-widget-image\" data-id=\"9ba6b82\" data-element_type=\"widget\" data-e-type=\"widget\" data-widget_type=\"image.default\">\n\t\t\t\t\t\t\t\t\t\t\t\t\t\t\t<img fetchpriority=\"high\" decoding=\"async\" width=\"1024\" height=\"543\" src=\"https:\/\/orallagos.pt\/wp-content\/uploads\/2026\/02\/Rectangle-23950-1024x543.jpg\" class=\"attachment-large size-large wp-image-7143\" alt=\"\" srcset=\"https:\/\/orallagos.pt\/wp-content\/uploads\/2026\/02\/Rectangle-23950-1024x543.jpg 1024w, https:\/\/orallagos.pt\/wp-content\/uploads\/2026\/02\/Rectangle-23950-300x159.jpg 300w, https:\/\/orallagos.pt\/wp-content\/uploads\/2026\/02\/Rectangle-23950-768x407.jpg 768w, https:\/\/orallagos.pt\/wp-content\/uploads\/2026\/02\/Rectangle-23950-1536x815.jpg 1536w, https:\/\/orallagos.pt\/wp-content\/uploads\/2026\/02\/Rectangle-23950-2048x1086.jpg 2048w, https:\/\/orallagos.pt\/wp-content\/uploads\/2026\/02\/Rectangle-23950-1200x636.jpg 1200w\" sizes=\"(max-width: 1024px) 100vw, 1024px\" \/>\t\t\t\t\t\t\t\t\t\t\t\t\t\t\t<\/div>\n\t\t\t\t\t<\/div>\r\n\t\t\t\t<\/div>\r\n\t\t<div class=\"elementor-element elementor-element-3ddbdb9 e-flex e-con-boxed pxl-column-none pxl-row-scroll-none pxl-zoom-point-false pxl-section-overflow-visible pxl-section-fix-none pxl-full-content-with-space-none pxl-bg-color-none pxl-section-overlay-none e-con e-parent \" data-id=\"3ddbdb9\" data-element_type=\"container\" data-e-type=\"container\">\t\t\t<div class=\"e-con-inner\">\r\n\t\t<div class=\"elementor-element elementor-element-0a726b2 e-con-full e-flex pxl-column-none pxl-row-scroll-none pxl-zoom-point-false pxl-section-overflow-visible pxl-section-fix-none pxl-full-content-with-space-none pxl-bg-color-none pxl-section-overlay-none e-con e-child \" data-id=\"0a726b2\" data-element_type=\"container\" data-e-type=\"container\">\t\t<div class=\"elementor-element elementor-element-02d6f47 elementor-widget elementor-widget-pxl_heading\" data-id=\"02d6f47\" data-element_type=\"widget\" data-e-type=\"widget\" data-widget_type=\"pxl_heading.default\">\n\t\t\t\t<div class=\"elementor-widget-container\">\n\t\t\t\t\t<div id=\"pxl-pxl_heading-02d6f47-3904\" class=\"pxl-heading px-sub-title-default-style\">\n\t<div class=\"pxl-heading--inner\">\n\t\t\n\t\t\n\t\t<h2 class=\"pxl-item--title \" data-wow-delay=\"ms\">\n\t\t\tWie funktioniert Zahnaufhellung?\t\t\n\t\t<\/h2>\n\n\t\t\t\t\n\t<\/div>\n<\/div>\t\t\t\t<\/div>\n\t\t\t\t<\/div>\n\t\t\t\t<div class=\"elementor-element elementor-element-9ecfc41 elementor-widget elementor-widget-text-editor\" data-id=\"9ecfc41\" data-element_type=\"widget\" data-e-type=\"widget\" data-widget_type=\"text-editor.default\">\n\t\t\t\t\t\t\t\t\t<div class=\"c-full seccion_2\"><div class=\"c-wrapper\"><div><div><p>Die Zahnaufhellung erfolgt durch Auftragen eines Gels auf Basis von Wasserstoffperoxid oder Carbamidperoxid, das in den Zahnschmelz eindringt und die dunklen Pigmente entfernt. Dieses Gel kann je nach Art der Behandlung mit einem speziellen Licht (in der Praxis) aktiviert oder in individuell angefertigten Schienen (zu Hause) verwendet werden. <\/p><\/div><\/div><\/div><\/div>\t\t\t\t\t\t\t\t<\/div>\n\t\t\t\t<\/div>\r\n\t\t\t\t\t<\/div>\r\n\t\t\t\t<\/div>\r\n\t\t<div class=\"elementor-element elementor-element-01453e9 e-con-full e-flex pxl-column-none pxl-row-scroll-none pxl-zoom-point-false pxl-section-overflow-visible pxl-section-fix-none pxl-full-content-with-space-none pxl-bg-color-none pxl-section-overlay-none e-con e-parent \" data-id=\"01453e9\" data-element_type=\"container\" data-e-type=\"container\"><div class=\"elementor-element elementor-element-04bbba8 e-con-full e-flex pxl-column-none pxl-row-scroll-none pxl-zoom-point-false pxl-section-overflow-visible pxl-section-fix-none pxl-full-content-with-space-none pxl-bg-color-none pxl-section-overlay-none e-con e-child \" data-id=\"04bbba8\" data-element_type=\"container\" data-e-type=\"container\">\t\t<div class=\"elementor-element elementor-element-a381a89 elementor-widget elementor-widget-pxl_heading\" data-id=\"a381a89\" data-element_type=\"widget\" data-e-type=\"widget\" data-widget_type=\"pxl_heading.default\">\n\t\t\t\t<div class=\"elementor-widget-container\">\n\t\t\t\t\t<div id=\"pxl-pxl_heading-a381a89-4676\" class=\"pxl-heading px-sub-title-default-style\">\n\t<div class=\"pxl-heading--inner\">\n\t\t\n\t\t\n\t\t<h2 class=\"pxl-item--title \" data-wow-delay=\"ms\">\n\t\t\tTut Zahnaufhellung weh?\t\t\n\t\t<\/h2>\n\n\t\t\t\t\n\t<\/div>\n<\/div>\t\t\t\t<\/div>\n\t\t\t\t<\/div>\n\t\t\t\t<div class=\"elementor-element elementor-element-e206935 elementor-widget elementor-widget-text-editor\" data-id=\"e206935\" data-element_type=\"widget\" data-e-type=\"widget\" data-widget_type=\"text-editor.default\">\n\t\t\t\t\t\t\t\t\t<p>Obwohl weniger verbreitet, kann die kieferorthop\u00e4dische Behandlung in einigen F\u00e4llen bereits im Kindesalter beginnen. Die interceptive Kieferorthop\u00e4die, die im Alter zwischen 6 und 10 Jahren angewendet wird, soll gr\u00f6\u00dferen Problemen vorbeugen. Bei Kindern mit Kreuzbiss, starker Zahnengstellung oder Gewohnheiten wie Daumenlutschen k\u00f6nnen beispielsweise Zahnspangen eingesetzt werden, um das Wachstum zu lenken und zuk\u00fcnftige Komplikationen zu vermeiden.  <\/p>\t\t\t\t\t\t\t\t<\/div>\n\t\t\t\t<\/div>\r\n\t\t\t\t<\/div>\r\n\t\t<div class=\"elementor-element elementor-element-bb41c0e e-flex e-con-boxed pxl-column-none pxl-row-scroll-none pxl-zoom-point-false pxl-section-overflow-visible pxl-section-fix-none pxl-full-content-with-space-none pxl-bg-color-none pxl-section-overlay-none e-con e-parent \" data-id=\"bb41c0e\" data-element_type=\"container\" data-e-type=\"container\">\t\t\t<div class=\"e-con-inner\">\r\n\t\t\t\t<div class=\"elementor-element elementor-element-b9516a5 elementor-widget elementor-widget-pxl_heading\" data-id=\"b9516a5\" data-element_type=\"widget\" data-e-type=\"widget\" data-widget_type=\"pxl_heading.default\">\n\t\t\t\t<div class=\"elementor-widget-container\">\n\t\t\t\t\t<div id=\"pxl-pxl_heading-b9516a5-6017\" class=\"pxl-heading px-sub-title-default-style\">\n\t<div class=\"pxl-heading--inner\">\n\t\t\n\t\t\n\t\t<h2 class=\"pxl-item--title \" data-wow-delay=\"ms\">\n\t\t\tWas sind die Nebenwirkungen der Zahnaufhellung?\t\t\n\t\t<\/h2>\n\n\t\t\t\t\n\t<\/div>\n<\/div>\t\t\t\t<\/div>\n\t\t\t\t<\/div>\n\t\t\t\t<div class=\"elementor-element elementor-element-9f27893 elementor-widget elementor-widget-text-editor\" data-id=\"9f27893\" data-element_type=\"widget\" data-e-type=\"widget\" data-widget_type=\"text-editor.default\">\n\t\t\t\t\t\t\t\t\t<div style=\"font-size: 20px; font-weight: 600; color: #10244b; margin-bottom: 6px;\"><div><div><p>Die h\u00e4ufigsten Nebenwirkungen sind:<\/p><\/div><\/div><\/div>\t\t\t\t\t\t\t\t<\/div>\n\t\t\t\t<div class=\"elementor-element elementor-element-5828046 elementor-widget elementor-widget-text-editor\" data-id=\"5828046\" data-element_type=\"widget\" data-e-type=\"widget\" data-widget_type=\"text-editor.default\">\n\t\t\t\t\t\t\t\t\t<div><div><p>\u2022 Vor\u00fcbergehende Zahnempfindlichkeit<\/p><\/div><div><p>\u2022 Leichte Reizung des Zahnfleisches, wenn das Gel in direkten Kontakt kommt<\/p><\/div><div><p>Diese Nebenwirkungen sind vor\u00fcbergehend und treten selten auf, wenn die Behandlung unter fach\u00e4rztlicher Aufsicht erfolgt.<\/p><\/div><\/div>\t\t\t\t\t\t\t\t<\/div>\n\t\t\t\t<div class=\"elementor-element elementor-element-aff9a8d elementor-widget elementor-widget-image\" data-id=\"aff9a8d\" data-element_type=\"widget\" data-e-type=\"widget\" data-widget_type=\"image.default\">\n\t\t\t\t\t\t\t\t\t\t\t\t\t\t\t<img decoding=\"async\" width=\"1024\" height=\"543\" src=\"https:\/\/orallagos.pt\/wp-content\/uploads\/2026\/02\/Rectangle-23955-1024x543.jpg\" class=\"attachment-large size-large wp-image-7144\" alt=\"\" srcset=\"https:\/\/orallagos.pt\/wp-content\/uploads\/2026\/02\/Rectangle-23955-1024x543.jpg 1024w, https:\/\/orallagos.pt\/wp-content\/uploads\/2026\/02\/Rectangle-23955-300x159.jpg 300w, https:\/\/orallagos.pt\/wp-content\/uploads\/2026\/02\/Rectangle-23955-768x407.jpg 768w, https:\/\/orallagos.pt\/wp-content\/uploads\/2026\/02\/Rectangle-23955-1536x815.jpg 1536w, https:\/\/orallagos.pt\/wp-content\/uploads\/2026\/02\/Rectangle-23955-2048x1086.jpg 2048w, https:\/\/orallagos.pt\/wp-content\/uploads\/2026\/02\/Rectangle-23955-1200x636.jpg 1200w\" sizes=\"(max-width: 1024px) 100vw, 1024px\" \/>\t\t\t\t\t\t\t\t\t\t\t\t\t\t\t<\/div>\n\t\t\t\t\t<\/div>\r\n\t\t\t\t<\/div>\r\n\t\t<div class=\"elementor-element elementor-element-49e824f e-flex e-con-boxed pxl-column-none pxl-row-scroll-none pxl-zoom-point-false pxl-section-overflow-visible pxl-section-fix-none pxl-full-content-with-space-none pxl-bg-color-none pxl-section-overlay-none e-con e-parent \" data-id=\"49e824f\" data-element_type=\"container\" data-e-type=\"container\">\t\t\t<div class=\"e-con-inner\">\r\n\t\t\t\t<div class=\"elementor-element elementor-element-cbfd6ed elementor-widget elementor-widget-pxl_heading\" data-id=\"cbfd6ed\" data-element_type=\"widget\" data-e-type=\"widget\" data-widget_type=\"pxl_heading.default\">\n\t\t\t\t<div class=\"elementor-widget-container\">\n\t\t\t\t\t<div id=\"pxl-pxl_heading-cbfd6ed-3042\" class=\"pxl-heading px-sub-title-default-style\">\n\t<div class=\"pxl-heading--inner\">\n\t\t\n\t\t\n\t\t<h2 class=\"pxl-item--title \" data-wow-delay=\"ms\">\n\t\t\tWie lange h\u00e4lt eine Zahnaufhellung?\t\t\n\t\t<\/h2>\n\n\t\t\t\t\n\t<\/div>\n<\/div>\t\t\t\t<\/div>\n\t\t\t\t<\/div>\n\t\t\t\t\t<\/div>\r\n\t\t\t\t<\/div>\r\n\t\t<div class=\"elementor-element elementor-element-5cb0410 e-flex e-con-boxed pxl-column-none pxl-row-scroll-none pxl-zoom-point-false pxl-section-overflow-visible pxl-section-fix-none pxl-full-content-with-space-none pxl-bg-color-none pxl-section-overlay-none e-con e-parent \" data-id=\"5cb0410\" data-element_type=\"container\" data-e-type=\"container\">\t\t\t<div class=\"e-con-inner\">\r\n\t\t\t\t<div class=\"elementor-element elementor-element-403cd28 elementor-widget elementor-widget-text-editor\" data-id=\"403cd28\" data-element_type=\"widget\" data-e-type=\"widget\" data-widget_type=\"text-editor.default\">\n\t\t\t\t\t\t\t\t\t<div><div><p>Die Haltbarkeit h\u00e4ngt von Ihren Gewohnheiten ab (Tabak, Kaffee, Wein, Mundhygiene). Im Durchschnitt halten die Ergebnisse zwischen 1 und 3 Jahren an. Durch die Vermeidung von pigmentierenden Substanzen und regelm\u00e4\u00dfige Pflegebehandlungen k\u00f6nnen die Effekte verl\u00e4ngert werden.  <\/p><\/div><\/div>\t\t\t\t\t\t\t\t<\/div>\n\t\t\t\t<div class=\"elementor-element elementor-element-146ba64 elementor-widget elementor-widget-image\" data-id=\"146ba64\" data-element_type=\"widget\" data-e-type=\"widget\" data-widget_type=\"image.default\">\n\t\t\t\t\t\t\t\t\t\t\t\t\t\t\t<img decoding=\"async\" width=\"1024\" height=\"543\" src=\"https:\/\/orallagos.pt\/wp-content\/uploads\/2026\/02\/Rectangle-23954-1024x543.jpg\" class=\"attachment-large size-large wp-image-7145\" alt=\"\" srcset=\"https:\/\/orallagos.pt\/wp-content\/uploads\/2026\/02\/Rectangle-23954-1024x543.jpg 1024w, https:\/\/orallagos.pt\/wp-content\/uploads\/2026\/02\/Rectangle-23954-300x159.jpg 300w, https:\/\/orallagos.pt\/wp-content\/uploads\/2026\/02\/Rectangle-23954-768x407.jpg 768w, https:\/\/orallagos.pt\/wp-content\/uploads\/2026\/02\/Rectangle-23954-1536x815.jpg 1536w, https:\/\/orallagos.pt\/wp-content\/uploads\/2026\/02\/Rectangle-23954-2048x1086.jpg 2048w, https:\/\/orallagos.pt\/wp-content\/uploads\/2026\/02\/Rectangle-23954-1200x636.jpg 1200w\" sizes=\"(max-width: 1024px) 100vw, 1024px\" \/>\t\t\t\t\t\t\t\t\t\t\t\t\t\t\t<\/div>\n\t\t\t\t<div class=\"elementor-element elementor-element-5498948 elementor-widget elementor-widget-pxl_heading\" data-id=\"5498948\" data-element_type=\"widget\" data-e-type=\"widget\" data-widget_type=\"pxl_heading.default\">\n\t\t\t\t<div class=\"elementor-widget-container\">\n\t\t\t\t\t<div id=\"pxl-pxl_heading-5498948-6292\" class=\"pxl-heading px-sub-title-default-style\">\n\t<div class=\"pxl-heading--inner\">\n\t\t\n\t\t\n\t\t<h2 class=\"pxl-item--title \" data-wow-delay=\"ms\">\n\t\t\tIst Zahnaufhellung sicher?\t\t\n\t\t<\/h2>\n\n\t\t\t\t\n\t<\/div>\n<\/div>\t\t\t\t<\/div>\n\t\t\t\t<\/div>\n\t\t\t\t<div class=\"elementor-element elementor-element-a7efeff elementor-widget elementor-widget-text-editor\" data-id=\"a7efeff\" data-element_type=\"widget\" data-e-type=\"widget\" data-widget_type=\"text-editor.default\">\n\t\t\t\t\t\t\t\t\t<div><div><p>Ja, sofern dies von qualifizierten Fachleuten und mit zugelassenen Produkten durchgef\u00fchrt wird. Bei Orallagos verwenden wir sichere und klinisch getestete Techniken, die wirksame Ergebnisse und umfassenden Schutz Ihrer Mundgesundheit gew\u00e4hrleisten. <\/p><\/div><\/div>\t\t\t\t\t\t\t\t<\/div>\n\t\t\t\t<div class=\"elementor-element elementor-element-bf7505c elementor-widget elementor-widget-image\" data-id=\"bf7505c\" data-element_type=\"widget\" data-e-type=\"widget\" data-widget_type=\"image.default\">\n\t\t\t\t\t\t\t\t\t\t\t\t\t\t\t<img loading=\"lazy\" decoding=\"async\" width=\"1024\" height=\"543\" src=\"https:\/\/orallagos.pt\/wp-content\/uploads\/2026\/02\/Rectangle-23948-1024x543.jpg\" class=\"attachment-large size-large wp-image-7146\" alt=\"\" srcset=\"https:\/\/orallagos.pt\/wp-content\/uploads\/2026\/02\/Rectangle-23948-1024x543.jpg 1024w, https:\/\/orallagos.pt\/wp-content\/uploads\/2026\/02\/Rectangle-23948-300x159.jpg 300w, https:\/\/orallagos.pt\/wp-content\/uploads\/2026\/02\/Rectangle-23948-768x407.jpg 768w, https:\/\/orallagos.pt\/wp-content\/uploads\/2026\/02\/Rectangle-23948-1536x815.jpg 1536w, https:\/\/orallagos.pt\/wp-content\/uploads\/2026\/02\/Rectangle-23948-2048x1086.jpg 2048w, https:\/\/orallagos.pt\/wp-content\/uploads\/2026\/02\/Rectangle-23948-1200x636.jpg 1200w\" sizes=\"(max-width: 1024px) 100vw, 1024px\" \/>\t\t\t\t\t\t\t\t\t\t\t\t\t\t\t<\/div>\n\t\t\t\t<div class=\"elementor-element elementor-element-c316214 elementor-widget elementor-widget-pxl_heading\" data-id=\"c316214\" data-element_type=\"widget\" data-e-type=\"widget\" data-widget_type=\"pxl_heading.default\">\n\t\t\t\t<div class=\"elementor-widget-container\">\n\t\t\t\t\t<div id=\"pxl-pxl_heading-c316214-9584\" class=\"pxl-heading px-sub-title-default-style\">\n\t<div class=\"pxl-heading--inner\">\n\t\t\n\t\t\n\t\t<h2 class=\"pxl-item--title \" data-wow-delay=\"ms\">\n\t\t\tWas ist die beste Art der Zahnaufhellung?\t\t\n\t\t<\/h2>\n\n\t\t\t\t\n\t<\/div>\n<\/div>\t\t\t\t<\/div>\n\t\t\t\t<\/div>\n\t\t\t\t<div class=\"elementor-element elementor-element-58d5c78 elementor-widget elementor-widget-text-editor\" data-id=\"58d5c78\" data-element_type=\"widget\" data-e-type=\"widget\" data-widget_type=\"text-editor.default\">\n\t\t\t\t\t\t\t\t\t<div><div><p><strong>Die beste Art h\u00e4ngt von Ihrem klinischen Fall ab. Es gibt drei Hauptoptionen: <\/strong><\/p><\/div><\/div>\t\t\t\t\t\t\t\t<\/div>\n\t\t\t\t<div class=\"elementor-element elementor-element-6b9caea elementor-widget elementor-widget-text-editor\" data-id=\"6b9caea\" data-element_type=\"widget\" data-e-type=\"widget\" data-widget_type=\"text-editor.default\">\n\t\t\t\t\t\t\t\t\t<div><div><p>\u2022 In der Praxis: Schnelle Ergebnisse (in einer Sitzung) unter vollst\u00e4ndiger Aufsicht.<\/p><\/div><div><p>\u2022 Zu Hause mit individuell angepassten Zahnschienen: Langsamerer Fortschritt, ideal f\u00fcr alle, die lieber ihr eigenes Tempo bestimmen m\u00f6chten.<\/p><\/div><div><p>\u2022 Kombiniert (Praxis + Zuhause): H\u00f6here Wirksamkeit und Haltbarkeit.<\/p><\/div><div><p><strong>W\u00e4hrend der Beratungsgespr\u00e4che empfehlen wir Ihnen die f\u00fcr Ihr L\u00e4cheln am besten geeignete Option.<\/strong><\/p><\/div><\/div>\t\t\t\t\t\t\t\t<\/div>\n\t\t\t\t<div class=\"elementor-element elementor-element-2ecbc6a elementor-widget elementor-widget-image\" data-id=\"2ecbc6a\" data-element_type=\"widget\" data-e-type=\"widget\" data-widget_type=\"image.default\">\n\t\t\t\t\t\t\t\t\t\t\t\t\t\t\t<img loading=\"lazy\" decoding=\"async\" width=\"1024\" height=\"543\" src=\"https:\/\/orallagos.pt\/wp-content\/uploads\/2026\/02\/Rectangle-23949-1024x543.jpg\" class=\"attachment-large size-large wp-image-7147\" alt=\"\" srcset=\"https:\/\/orallagos.pt\/wp-content\/uploads\/2026\/02\/Rectangle-23949-1024x543.jpg 1024w, https:\/\/orallagos.pt\/wp-content\/uploads\/2026\/02\/Rectangle-23949-300x159.jpg 300w, https:\/\/orallagos.pt\/wp-content\/uploads\/2026\/02\/Rectangle-23949-768x407.jpg 768w, https:\/\/orallagos.pt\/wp-content\/uploads\/2026\/02\/Rectangle-23949-1536x815.jpg 1536w, https:\/\/orallagos.pt\/wp-content\/uploads\/2026\/02\/Rectangle-23949-2048x1086.jpg 2048w, https:\/\/orallagos.pt\/wp-content\/uploads\/2026\/02\/Rectangle-23949-1200x636.jpg 1200w\" sizes=\"(max-width: 1024px) 100vw, 1024px\" \/>\t\t\t\t\t\t\t\t\t\t\t\t\t\t\t<\/div>\n\t\t\t\t<div class=\"elementor-element elementor-element-e1ca953 elementor-widget elementor-widget-pxl_heading\" data-id=\"e1ca953\" data-element_type=\"widget\" data-e-type=\"widget\" data-widget_type=\"pxl_heading.default\">\n\t\t\t\t<div class=\"elementor-widget-container\">\n\t\t\t\t\t<div id=\"pxl-pxl_heading-e1ca953-6125\" class=\"pxl-heading px-sub-title-default-style\">\n\t<div class=\"pxl-heading--inner\">\n\t\t\n\t\t\n\t\t<h2 class=\"pxl-item--title \" data-wow-delay=\"ms\">\n\t\t\tWie viel kostet eine Zahnaufhellung?\t\t\n\t\t<\/h2>\n\n\t\t\t\t\n\t<\/div>\n<\/div>\t\t\t\t<\/div>\n\t\t\t\t<\/div>\n\t\t\t\t<div class=\"elementor-element elementor-element-a6f2057 elementor-widget elementor-widget-text-editor\" data-id=\"a6f2057\" data-element_type=\"widget\" data-e-type=\"widget\" data-widget_type=\"text-editor.default\">\n\t\t\t\t\t\t\t\t\t<div><div><p>Der Preis kann je nach verwendeter Technik variieren. Bei Orallagos sind die Preise erschwinglich und werden je nach Behandlungsplan individuell angepasst. Vereinbaren Sie einen Termin f\u00fcr eine Untersuchung, um einen auf Ihren Fall zugeschnittenen Kostenvoranschlag zu erhalten.  <\/p><\/div><\/div>\t\t\t\t\t\t\t\t<\/div>\n\t\t\t\t<div class=\"elementor-element elementor-element-fc99c46 elementor-widget elementor-widget-image\" data-id=\"fc99c46\" data-element_type=\"widget\" data-e-type=\"widget\" data-widget_type=\"image.default\">\n\t\t\t\t\t\t\t\t\t\t\t\t\t\t\t<img loading=\"lazy\" decoding=\"async\" width=\"1024\" height=\"543\" src=\"https:\/\/orallagos.pt\/wp-content\/uploads\/2026\/02\/Rectangle-23948-1024x543.jpg\" class=\"attachment-large size-large wp-image-7146\" alt=\"\" srcset=\"https:\/\/orallagos.pt\/wp-content\/uploads\/2026\/02\/Rectangle-23948-1024x543.jpg 1024w, https:\/\/orallagos.pt\/wp-content\/uploads\/2026\/02\/Rectangle-23948-300x159.jpg 300w, https:\/\/orallagos.pt\/wp-content\/uploads\/2026\/02\/Rectangle-23948-768x407.jpg 768w, https:\/\/orallagos.pt\/wp-content\/uploads\/2026\/02\/Rectangle-23948-1536x815.jpg 1536w, https:\/\/orallagos.pt\/wp-content\/uploads\/2026\/02\/Rectangle-23948-2048x1086.jpg 2048w, https:\/\/orallagos.pt\/wp-content\/uploads\/2026\/02\/Rectangle-23948-1200x636.jpg 1200w\" sizes=\"(max-width: 1024px) 100vw, 1024px\" \/>\t\t\t\t\t\t\t\t\t\t\t\t\t\t\t<\/div>\n\t\t\t\t<div class=\"elementor-element elementor-element-e81f5f5 elementor-widget elementor-widget-pxl_heading\" data-id=\"e81f5f5\" data-element_type=\"widget\" data-e-type=\"widget\" data-widget_type=\"pxl_heading.default\">\n\t\t\t\t<div class=\"elementor-widget-container\">\n\t\t\t\t\t<div id=\"pxl-pxl_heading-e81f5f5-3507\" class=\"pxl-heading px-sub-title-default-style\">\n\t<div class=\"pxl-heading--inner\">\n\t\t\n\t\t\n\t\t<h2 class=\"pxl-item--title \" data-wow-delay=\"ms\">\n\t\t\tSch\u00e4digt Zahnaufhellung die Z\u00e4hne?\t\t\n\t\t<\/h2>\n\n\t\t\t\t\n\t<\/div>\n<\/div>\t\t\t\t<\/div>\n\t\t\t\t<\/div>\n\t\t\t\t<div class=\"elementor-element elementor-element-3f5d743 elementor-widget elementor-widget-text-editor\" data-id=\"3f5d743\" data-element_type=\"widget\" data-e-type=\"widget\" data-widget_type=\"text-editor.default\">\n\t\t\t\t\t\t\t\t\t<div><div><p>Nein. Bei korrekter Durchf\u00fchrung sch\u00e4digt das Bleaching weder den Zahnschmelz noch die Z\u00e4hne. Wir verwenden ausschlie\u00dflich zertifizierte Produkte und minimalinvasive Techniken.  <\/p><\/div><\/div>\t\t\t\t\t\t\t\t<\/div>\n\t\t\t\t<div class=\"elementor-element elementor-element-bf6a6bf elementor-widget elementor-widget-image\" data-id=\"bf6a6bf\" data-element_type=\"widget\" data-e-type=\"widget\" data-widget_type=\"image.default\">\n\t\t\t\t\t\t\t\t\t\t\t\t\t\t\t<img loading=\"lazy\" decoding=\"async\" width=\"1024\" height=\"543\" src=\"https:\/\/orallagos.pt\/wp-content\/uploads\/2026\/02\/Rectangle-23953-1024x543.jpg\" class=\"attachment-large size-large wp-image-7148\" alt=\"\" srcset=\"https:\/\/orallagos.pt\/wp-content\/uploads\/2026\/02\/Rectangle-23953-1024x543.jpg 1024w, https:\/\/orallagos.pt\/wp-content\/uploads\/2026\/02\/Rectangle-23953-300x159.jpg 300w, https:\/\/orallagos.pt\/wp-content\/uploads\/2026\/02\/Rectangle-23953-768x407.jpg 768w, https:\/\/orallagos.pt\/wp-content\/uploads\/2026\/02\/Rectangle-23953-1536x815.jpg 1536w, https:\/\/orallagos.pt\/wp-content\/uploads\/2026\/02\/Rectangle-23953-2048x1086.jpg 2048w, https:\/\/orallagos.pt\/wp-content\/uploads\/2026\/02\/Rectangle-23953-1200x636.jpg 1200w\" sizes=\"(max-width: 1024px) 100vw, 1024px\" \/>\t\t\t\t\t\t\t\t\t\t\t\t\t\t\t<\/div>\n\t\t\t\t<div class=\"elementor-element elementor-element-0b8dd19 elementor-widget elementor-widget-pxl_heading\" data-id=\"0b8dd19\" data-element_type=\"widget\" data-e-type=\"widget\" data-widget_type=\"pxl_heading.default\">\n\t\t\t\t<div class=\"elementor-widget-container\">\n\t\t\t\t\t<div id=\"pxl-pxl_heading-0b8dd19-8213\" class=\"pxl-heading px-sub-title-default-style\">\n\t<div class=\"pxl-heading--inner\">\n\t\t\n\t\t\n\t\t<h2 class=\"pxl-item--title \" data-wow-delay=\"ms\">\n\t\t\tKann ich meine Z\u00e4hne bleichen lassen, wenn ich F\u00fcllungen oder Veneers habe?\t\t\n\t\t<\/h2>\n\n\t\t\t\t\n\t<\/div>\n<\/div>\t\t\t\t<\/div>\n\t\t\t\t<\/div>\n\t\t\t\t<div class=\"elementor-element elementor-element-8e32d6c elementor-widget elementor-widget-text-editor\" data-id=\"8e32d6c\" data-element_type=\"widget\" data-e-type=\"widget\" data-widget_type=\"text-editor.default\">\n\t\t\t\t\t\t\t\t\t<div><div><p>Ja, aber mit einigen Einschr\u00e4nkungen. Das Bleaching ver\u00e4ndert nicht die Farbe von Restaurationen, Veneers oder Kronen, sodass diese Teile nach der Behandlung m\u00f6glicherweise angepasst oder ersetzt werden m\u00fcssen, um eine einheitliche Farbe zu erzielen. <\/p><\/div><\/div>\t\t\t\t\t\t\t\t<\/div>\n\t\t\t\t<div class=\"elementor-element elementor-element-2b09aca elementor-widget elementor-widget-image\" data-id=\"2b09aca\" data-element_type=\"widget\" data-e-type=\"widget\" data-widget_type=\"image.default\">\n\t\t\t\t\t\t\t\t\t\t\t\t\t\t\t<img loading=\"lazy\" decoding=\"async\" width=\"1024\" height=\"543\" src=\"https:\/\/orallagos.pt\/wp-content\/uploads\/2026\/02\/Rectangle-23952-1024x543.jpg\" class=\"attachment-large size-large wp-image-7149\" alt=\"\" srcset=\"https:\/\/orallagos.pt\/wp-content\/uploads\/2026\/02\/Rectangle-23952-1024x543.jpg 1024w, https:\/\/orallagos.pt\/wp-content\/uploads\/2026\/02\/Rectangle-23952-300x159.jpg 300w, https:\/\/orallagos.pt\/wp-content\/uploads\/2026\/02\/Rectangle-23952-768x407.jpg 768w, https:\/\/orallagos.pt\/wp-content\/uploads\/2026\/02\/Rectangle-23952-1536x815.jpg 1536w, https:\/\/orallagos.pt\/wp-content\/uploads\/2026\/02\/Rectangle-23952-2048x1086.jpg 2048w, https:\/\/orallagos.pt\/wp-content\/uploads\/2026\/02\/Rectangle-23952-1200x636.jpg 1200w\" sizes=\"(max-width: 1024px) 100vw, 1024px\" \/>\t\t\t\t\t\t\t\t\t\t\t\t\t\t\t<\/div>\n\t\t\t\t<div class=\"elementor-element elementor-element-c937308 elementor-widget elementor-widget-pxl_heading\" data-id=\"c937308\" data-element_type=\"widget\" data-e-type=\"widget\" data-widget_type=\"pxl_heading.default\">\n\t\t\t\t<div class=\"elementor-widget-container\">\n\t\t\t\t\t<div id=\"pxl-pxl_heading-c937308-5950\" class=\"pxl-heading px-sub-title-default-style\">\n\t<div class=\"pxl-heading--inner\">\n\t\t\n\t\t\n\t\t<h2 class=\"pxl-item--title \" data-wow-delay=\"ms\">\n\t\t\tWas ist der Unterschied zwischen einer Zahnaufhellung in der Praxis und zu Hause?\t\t\n\t\t<\/h2>\n\n\t\t\t\t\n\t<\/div>\n<\/div>\t\t\t\t<\/div>\n\t\t\t\t<\/div>\n\t\t\t\t<div class=\"elementor-element elementor-element-9240f98 elementor-widget elementor-widget-text-editor\" data-id=\"9240f98\" data-element_type=\"widget\" data-e-type=\"widget\" data-widget_type=\"text-editor.default\">\n\t\t\t\t\t\t\t\t\t<div><div><p>\u2022 In der Praxis: Wird in einer Sitzung durchgef\u00fchrt, mit h\u00f6herer Gelkonzentration und Aktivierung durch Licht, unter Aufsicht des Zahnarztes.<\/p><\/div><div><p>\u2022 Zu Hause: Langsamer, mit individuell angepassten Zahnschienen und geringerer Gelkonzentration, Anwendung \u00fcber einen Zeitraum von etwa 10 bis 14 Tagen.<\/p><\/div><div><p>Die Wirksamkeit der Behandlung h\u00e4ngt direkt von der richtigen klinischen Indikation ab. Die Wahl der Bleaching-Methode sollte auf der Grundlage Ihrer Bed\u00fcrfnisse und der Beurteilung durch den Arzt erfolgen. <\/p><\/div><\/div>\t\t\t\t\t\t\t\t<\/div>\n\t\t\t\t<div class=\"elementor-element elementor-element-64636ec elementor-widget elementor-widget-image\" data-id=\"64636ec\" data-element_type=\"widget\" data-e-type=\"widget\" data-widget_type=\"image.default\">\n\t\t\t\t\t\t\t\t\t\t\t\t\t\t\t<img loading=\"lazy\" decoding=\"async\" width=\"1024\" height=\"684\" src=\"https:\/\/orallagos.pt\/wp-content\/uploads\/2026\/02\/AdobeStock_118631872-1-min-1024x684.jpg\" class=\"attachment-large size-large wp-image-7150\" alt=\"\" srcset=\"https:\/\/orallagos.pt\/wp-content\/uploads\/2026\/02\/AdobeStock_118631872-1-min-1024x684.jpg 1024w, https:\/\/orallagos.pt\/wp-content\/uploads\/2026\/02\/AdobeStock_118631872-1-min-300x200.jpg 300w, https:\/\/orallagos.pt\/wp-content\/uploads\/2026\/02\/AdobeStock_118631872-1-min-768x513.jpg 768w, https:\/\/orallagos.pt\/wp-content\/uploads\/2026\/02\/AdobeStock_118631872-1-min-1124x750.jpg 1124w, https:\/\/orallagos.pt\/wp-content\/uploads\/2026\/02\/AdobeStock_118631872-1-min.jpg 1200w\" sizes=\"(max-width: 1024px) 100vw, 1024px\" \/>\t\t\t\t\t\t\t\t\t\t\t\t\t\t\t<\/div>\n\t\t\t\t<div class=\"elementor-element elementor-element-d015383 elementor-widget elementor-widget-pxl_heading\" data-id=\"d015383\" data-element_type=\"widget\" data-e-type=\"widget\" data-widget_type=\"pxl_heading.default\">\n\t\t\t\t<div class=\"elementor-widget-container\">\n\t\t\t\t\t<div id=\"pxl-pxl_heading-d015383-3818\" class=\"pxl-heading px-sub-title-default-style\">\n\t<div class=\"pxl-heading--inner\">\n\t\t\n\t\t\n\t\t<h2 class=\"pxl-item--title \" data-wow-delay=\"ms\">\n\t\t\tFunktioniert Zahnaufhellung zu Hause?\t\t\n\t\t<\/h2>\n\n\t\t\t\t\n\t<\/div>\n<\/div>\t\t\t\t<\/div>\n\t\t\t\t<\/div>\n\t\t\t\t<div class=\"elementor-element elementor-element-367ad05 elementor-widget elementor-widget-text-editor\" data-id=\"367ad05\" data-element_type=\"widget\" data-e-type=\"widget\" data-widget_type=\"text-editor.default\">\n\t\t\t\t\t\t\t\t\t<div><div><p>Ja, es funktioniert, sofern es f\u00fcr Ihren Fall geeignet ist und von einem Fachmann verschrieben wurde. Vermeiden Sie Produkte, die online oder in Superm\u00e4rkten ohne Aufsicht verkauft werden, da diese unwirksam oder sogar sch\u00e4dlich sein k\u00f6nnen. <\/p><\/div><\/div>\t\t\t\t\t\t\t\t<\/div>\n\t\t\t\t<div class=\"elementor-element elementor-element-3afadf3 elementor-widget elementor-widget-image\" data-id=\"3afadf3\" data-element_type=\"widget\" data-e-type=\"widget\" data-widget_type=\"image.default\">\n\t\t\t\t\t\t\t\t\t\t\t\t\t\t\t<img loading=\"lazy\" decoding=\"async\" width=\"760\" height=\"400\" src=\"https:\/\/orallagos.pt\/wp-content\/uploads\/2026\/02\/woman-applying-teeth-whitening-strip.jpg\" class=\"attachment-large size-large wp-image-7151\" alt=\"\" srcset=\"https:\/\/orallagos.pt\/wp-content\/uploads\/2026\/02\/woman-applying-teeth-whitening-strip.jpg 760w, https:\/\/orallagos.pt\/wp-content\/uploads\/2026\/02\/woman-applying-teeth-whitening-strip-300x158.jpg 300w\" sizes=\"(max-width: 760px) 100vw, 760px\" \/>\t\t\t\t\t\t\t\t\t\t\t\t\t\t\t<\/div>\n\t\t\t\t<div class=\"elementor-element elementor-element-f52a6c6 elementor-widget elementor-widget-pxl_heading\" data-id=\"f52a6c6\" data-element_type=\"widget\" data-e-type=\"widget\" data-widget_type=\"pxl_heading.default\">\n\t\t\t\t<div class=\"elementor-widget-container\">\n\t\t\t\t\t<div id=\"pxl-pxl_heading-f52a6c6-8836\" class=\"pxl-heading px-sub-title-default-style\">\n\t<div class=\"pxl-heading--inner\">\n\t\t\n\t\t\n\t\t<h2 class=\"pxl-item--title \" data-wow-delay=\"ms\">\n\t\t\tWie viele Sitzungen sind zum Aufhellen der Z\u00e4hne erforderlich?\t\t\n\t\t<\/h2>\n\n\t\t\t\t\n\t<\/div>\n<\/div>\t\t\t\t<\/div>\n\t\t\t\t<\/div>\n\t\t\t\t<div class=\"elementor-element elementor-element-fa41100 elementor-widget elementor-widget-text-editor\" data-id=\"fa41100\" data-element_type=\"widget\" data-e-type=\"widget\" data-widget_type=\"text-editor.default\">\n\t\t\t\t\t\t\t\t\t<div><div><p><strong>Das h\u00e4ngt von der Art der Behandlung ab:<\/strong><\/p><\/div><div><p>\u2022 In der Praxis: In der Regel 1 Sitzung \u00e0 45\u201360 Minuten.<\/p><\/div><div><p>\u2022 Zu Hause: Etwa 10 bis 14 Anwendungen \u00fcber einen Zeitraum von 1 bis 2 Wochen.<\/p><\/div><div><p>In schwereren F\u00e4llen kann eine Wiederholung oder Erg\u00e4nzung erforderlich sein.<\/p><\/div><\/div>\t\t\t\t\t\t\t\t<\/div>\n\t\t\t\t<div class=\"elementor-element elementor-element-ede0477 elementor-widget elementor-widget-image\" data-id=\"ede0477\" data-element_type=\"widget\" data-e-type=\"widget\" data-widget_type=\"image.default\">\n\t\t\t\t\t\t\t\t\t\t\t\t\t\t\t<img loading=\"lazy\" decoding=\"async\" width=\"1024\" height=\"595\" src=\"https:\/\/orallagos.pt\/wp-content\/uploads\/2026\/02\/How-Old-Do-You-Need-to-Be-For-Teeth-Whitening-7-1024x595.png\" class=\"attachment-large size-large wp-image-7152\" alt=\"\" srcset=\"https:\/\/orallagos.pt\/wp-content\/uploads\/2026\/02\/How-Old-Do-You-Need-to-Be-For-Teeth-Whitening-7-1024x595.png 1024w, https:\/\/orallagos.pt\/wp-content\/uploads\/2026\/02\/How-Old-Do-You-Need-to-Be-For-Teeth-Whitening-7-300x174.png 300w, https:\/\/orallagos.pt\/wp-content\/uploads\/2026\/02\/How-Old-Do-You-Need-to-Be-For-Teeth-Whitening-7-768x446.png 768w, https:\/\/orallagos.pt\/wp-content\/uploads\/2026\/02\/How-Old-Do-You-Need-to-Be-For-Teeth-Whitening-7-1536x892.png 1536w, https:\/\/orallagos.pt\/wp-content\/uploads\/2026\/02\/How-Old-Do-You-Need-to-Be-For-Teeth-Whitening-7-2048x1190.png 2048w, https:\/\/orallagos.pt\/wp-content\/uploads\/2026\/02\/How-Old-Do-You-Need-to-Be-For-Teeth-Whitening-7-1200x697.png 1200w\" sizes=\"(max-width: 1024px) 100vw, 1024px\" \/>\t\t\t\t\t\t\t\t\t\t\t\t\t\t\t<\/div>\n\t\t\t\t<div class=\"elementor-element elementor-element-e8d16de elementor-widget elementor-widget-pxl_heading\" data-id=\"e8d16de\" data-element_type=\"widget\" data-e-type=\"widget\" data-widget_type=\"pxl_heading.default\">\n\t\t\t\t<div class=\"elementor-widget-container\">\n\t\t\t\t\t<div id=\"pxl-pxl_heading-e8d16de-3367\" class=\"pxl-heading px-sub-title-default-style\">\n\t<div class=\"pxl-heading--inner\">\n\t\t\n\t\t\n\t\t<h2 class=\"pxl-item--title \" data-wow-delay=\"ms\">\n\t\t\tWie oft kann ich meine Z\u00e4hne bleichen lassen?\t\t\n\t\t<\/h2>\n\n\t\t\t\t\n\t<\/div>\n<\/div>\t\t\t\t<\/div>\n\t\t\t\t<\/div>\n\t\t\t\t<div class=\"elementor-element elementor-element-316d7c5 elementor-widget elementor-widget-text-editor\" data-id=\"316d7c5\" data-element_type=\"widget\" data-e-type=\"widget\" data-widget_type=\"text-editor.default\">\n\t\t\t\t\t\t\t\t\t<div><div><p>Idealerweise sollte die Behandlung alle ein bis zwei Jahre durchgef\u00fchrt werden, bei Bedarf auch h\u00e4ufiger. Der Zahnarzt wird anhand Ihrer Zahnstruktur und Ihrer Krankengeschichte beurteilen, ob eine Wiederholung der Behandlung sicher ist. <\/p><\/div><div><p>Idealerweise sollte die Behandlung alle ein bis zwei Jahre durchgef\u00fchrt werden, bei Bedarf auch h\u00e4ufiger. Der Zahnarzt wird anhand Ihrer Zahnstruktur und Ihrer Krankengeschichte beurteilen, ob eine Wiederholung der Behandlung sicher ist.  <\/p><\/div><div><p><strong>Rufen Sie uns an oder vereinbaren Sie online einen Termin (\u00e4hnlicher Satz wie auf der Website)<\/strong><\/p><\/div><\/div>\t\t\t\t\t\t\t\t<\/div>\n\t\t\t\t<div class=\"elementor-element elementor-element-cca3065 elementor-widget elementor-widget-image\" data-id=\"cca3065\" data-element_type=\"widget\" data-e-type=\"widget\" data-widget_type=\"image.default\">\n\t\t\t\t\t\t\t\t\t\t\t\t\t\t\t<img loading=\"lazy\" decoding=\"async\" width=\"1000\" height=\"546\" src=\"https:\/\/orallagos.pt\/wp-content\/uploads\/2026\/02\/professional-teeth-whitening.jpg\" class=\"attachment-large size-large wp-image-7153\" alt=\"\" srcset=\"https:\/\/orallagos.pt\/wp-content\/uploads\/2026\/02\/professional-teeth-whitening.jpg 1000w, https:\/\/orallagos.pt\/wp-content\/uploads\/2026\/02\/professional-teeth-whitening-300x164.jpg 300w, https:\/\/orallagos.pt\/wp-content\/uploads\/2026\/02\/professional-teeth-whitening-768x419.jpg 768w\" sizes=\"(max-width: 1000px) 100vw, 1000px\" \/>\t\t\t\t\t\t\t\t\t\t\t\t\t\t\t<\/div>\n\t\t\t\t\t<\/div>\r\n\t\t\t\t<\/div>\r\n\t\t\t\t<\/div>\n\t\t","protected":false},"excerpt":{"rendered":"<p>Ein strahlendes L\u00e4cheln vermittelt Gesundheit, Wohlbefinden und Selbstvertrauen. Wenn Sie Ihr L\u00e4cheln versch\u00f6nern m\u00f6chten, kann eine Zahnaufhellung die ideale L\u00f6sung sein. In diesem Artikel beantworten wir die h\u00e4ufigsten Fragen, damit Sie eine fundierte, sichere Entscheidung treffen k\u00f6nnen, die zu sichtbaren Ergebnissen f\u00fchrt. Was ist Zahnaufhellung? Die Zahnaufhellung ist ein kosmetischer Eingriff, der darauf abzielt, die [&hellip;]<\/p>\n","protected":false},"author":2,"featured_media":7154,"comment_status":"open","ping_status":"open","sticky":false,"template":"","format":"standard","meta":{"footnotes":""},"categories":[59],"tags":[60,85],"class_list":["post-7155","post","type-post","status-publish","format-standard","has-post-thumbnail","hentry","category-allgemein","tag-allgemein","tag-kieferorthopadie"],"yoast_head":"<!-- This site is optimized with the Yoast SEO plugin v26.9 - https:\/\/yoast.com\/product\/yoast-seo-wordpress\/ -->\n<title>Zahnaufhellung: Alles, was Sie f\u00fcr ein strahlenderes und selbstbewussteres L\u00e4cheln wissen m\u00fcssen - Orallagos<\/title>\n<meta name=\"robots\" content=\"index, follow, max-snippet:-1, max-image-preview:large, max-video-preview:-1\" \/>\n<link rel=\"canonical\" href=\"https:\/\/orallagos.pt\/de\/zahnaufhellung-alles-was-sie-fuer-ein-strahlenderes-und-selbstbewussteres-laecheln-wissen-muessen\/\" \/>\n<meta property=\"og:locale\" content=\"de_DE\" \/>\n<meta property=\"og:type\" content=\"article\" \/>\n<meta property=\"og:title\" content=\"Zahnaufhellung: Alles, was Sie f\u00fcr ein strahlenderes und selbstbewussteres L\u00e4cheln wissen m\u00fcssen - Orallagos\" \/>\n<meta property=\"og:description\" content=\"Ein strahlendes L\u00e4cheln vermittelt Gesundheit, Wohlbefinden und Selbstvertrauen. Wenn Sie Ihr L\u00e4cheln versch\u00f6nern m\u00f6chten, kann eine Zahnaufhellung die ideale L\u00f6sung sein. In diesem Artikel beantworten wir die h\u00e4ufigsten Fragen, damit Sie eine fundierte, sichere Entscheidung treffen k\u00f6nnen, die zu sichtbaren Ergebnissen f\u00fchrt. Was ist Zahnaufhellung? Die Zahnaufhellung ist ein kosmetischer Eingriff, der darauf abzielt, die [&hellip;]\" \/>\n<meta property=\"og:url\" content=\"https:\/\/orallagos.pt\/de\/zahnaufhellung-alles-was-sie-fuer-ein-strahlenderes-und-selbstbewussteres-laecheln-wissen-muessen\/\" \/>\n<meta property=\"og:site_name\" content=\"Orallagos\" \/>\n<meta property=\"article:publisher\" content=\"https:\/\/www.facebook.com\/orallagosclinica\" \/>\n<meta property=\"article:published_time\" content=\"2026-02-12T10:55:53+00:00\" \/>\n<meta property=\"article:modified_time\" content=\"2026-02-12T11:35:08+00:00\" \/>\n<meta property=\"og:image\" content=\"https:\/\/orallagos.pt\/wp-content\/uploads\/2026\/02\/Rectangle-23951-1024x543.jpg\" \/>\n\t<meta property=\"og:image:width\" content=\"1024\" \/>\n\t<meta property=\"og:image:height\" content=\"543\" \/>\n\t<meta property=\"og:image:type\" content=\"image\/jpeg\" \/>\n<meta name=\"author\" content=\"leandroreisda\" \/>\n<meta name=\"twitter:card\" content=\"summary_large_image\" \/>\n<meta name=\"twitter:label1\" content=\"Verfasst von\" \/>\n\t<meta name=\"twitter:data1\" content=\"leandroreisda\" \/>\n\t<meta name=\"twitter:label2\" content=\"Gesch\u00e4tzte Lesezeit\" \/>\n\t<meta name=\"twitter:data2\" content=\"4\u00a0Minuten\" \/>\n<script type=\"application\/ld+json\" class=\"yoast-schema-graph\">{\"@context\":\"https:\/\/schema.org\",\"@graph\":[{\"@type\":\"Article\",\"@id\":\"https:\/\/orallagos.pt\/de\/zahnaufhellung-alles-was-sie-fuer-ein-strahlenderes-und-selbstbewussteres-laecheln-wissen-muessen\/#article\",\"isPartOf\":{\"@id\":\"https:\/\/orallagos.pt\/de\/zahnaufhellung-alles-was-sie-fuer-ein-strahlenderes-und-selbstbewussteres-laecheln-wissen-muessen\/\"},\"author\":{\"name\":\"leandroreisda\",\"@id\":\"https:\/\/orallagos.pt\/#\/schema\/person\/05363ea51778479b4cdbdc0971767fca\"},\"headline\":\"Zahnaufhellung: Alles, was Sie f\u00fcr ein strahlenderes und selbstbewussteres L\u00e4cheln wissen m\u00fcssen\",\"datePublished\":\"2026-02-12T10:55:53+00:00\",\"dateModified\":\"2026-02-12T11:35:08+00:00\",\"mainEntityOfPage\":{\"@id\":\"https:\/\/orallagos.pt\/de\/zahnaufhellung-alles-was-sie-fuer-ein-strahlenderes-und-selbstbewussteres-laecheln-wissen-muessen\/\"},\"wordCount\":827,\"commentCount\":0,\"publisher\":{\"@id\":\"https:\/\/orallagos.pt\/#organization\"},\"image\":{\"@id\":\"https:\/\/orallagos.pt\/de\/zahnaufhellung-alles-was-sie-fuer-ein-strahlenderes-und-selbstbewussteres-laecheln-wissen-muessen\/#primaryimage\"},\"thumbnailUrl\":\"https:\/\/orallagos.pt\/wp-content\/uploads\/2026\/02\/Rectangle-23951.jpg\",\"keywords\":{\"1\":\"Kieferorthop\u00e4die\"},\"inLanguage\":\"de\",\"potentialAction\":[{\"@type\":\"CommentAction\",\"name\":\"Comment\",\"target\":[\"https:\/\/orallagos.pt\/de\/zahnaufhellung-alles-was-sie-fuer-ein-strahlenderes-und-selbstbewussteres-laecheln-wissen-muessen\/#respond\"]}]},{\"@type\":\"WebPage\",\"@id\":\"https:\/\/orallagos.pt\/de\/zahnaufhellung-alles-was-sie-fuer-ein-strahlenderes-und-selbstbewussteres-laecheln-wissen-muessen\/\",\"url\":\"https:\/\/orallagos.pt\/de\/zahnaufhellung-alles-was-sie-fuer-ein-strahlenderes-und-selbstbewussteres-laecheln-wissen-muessen\/\",\"name\":\"Zahnaufhellung: Alles, was Sie f\u00fcr ein strahlenderes und selbstbewussteres L\u00e4cheln wissen m\u00fcssen - Orallagos\",\"isPartOf\":{\"@id\":\"https:\/\/orallagos.pt\/#website\"},\"primaryImageOfPage\":{\"@id\":\"https:\/\/orallagos.pt\/de\/zahnaufhellung-alles-was-sie-fuer-ein-strahlenderes-und-selbstbewussteres-laecheln-wissen-muessen\/#primaryimage\"},\"image\":{\"@id\":\"https:\/\/orallagos.pt\/de\/zahnaufhellung-alles-was-sie-fuer-ein-strahlenderes-und-selbstbewussteres-laecheln-wissen-muessen\/#primaryimage\"},\"thumbnailUrl\":\"https:\/\/orallagos.pt\/wp-content\/uploads\/2026\/02\/Rectangle-23951.jpg\",\"datePublished\":\"2026-02-12T10:55:53+00:00\",\"dateModified\":\"2026-02-12T11:35:08+00:00\",\"breadcrumb\":{\"@id\":\"https:\/\/orallagos.pt\/de\/zahnaufhellung-alles-was-sie-fuer-ein-strahlenderes-und-selbstbewussteres-laecheln-wissen-muessen\/#breadcrumb\"},\"inLanguage\":\"de\",\"potentialAction\":[{\"@type\":\"ReadAction\",\"target\":[\"https:\/\/orallagos.pt\/de\/zahnaufhellung-alles-was-sie-fuer-ein-strahlenderes-und-selbstbewussteres-laecheln-wissen-muessen\/\"]}]},{\"@type\":\"ImageObject\",\"inLanguage\":\"de\",\"@id\":\"https:\/\/orallagos.pt\/de\/zahnaufhellung-alles-was-sie-fuer-ein-strahlenderes-und-selbstbewussteres-laecheln-wissen-muessen\/#primaryimage\",\"url\":\"https:\/\/orallagos.pt\/wp-content\/uploads\/2026\/02\/Rectangle-23951.jpg\",\"contentUrl\":\"https:\/\/orallagos.pt\/wp-content\/uploads\/2026\/02\/Rectangle-23951.jpg\",\"width\":2493,\"height\":1322},{\"@type\":\"BreadcrumbList\",\"@id\":\"https:\/\/orallagos.pt\/de\/zahnaufhellung-alles-was-sie-fuer-ein-strahlenderes-und-selbstbewussteres-laecheln-wissen-muessen\/#breadcrumb\",\"itemListElement\":[{\"@type\":\"ListItem\",\"position\":1,\"name\":\"Home\",\"item\":\"https:\/\/orallagos.pt\/de\/\"},{\"@type\":\"ListItem\",\"position\":2,\"name\":\"Zahnaufhellung: Alles, was Sie f\u00fcr ein strahlenderes und selbstbewussteres L\u00e4cheln wissen m\u00fcssen\"}]},{\"@type\":\"WebSite\",\"@id\":\"https:\/\/orallagos.pt\/#website\",\"url\":\"https:\/\/orallagos.pt\/\",\"name\":\"Orallagos\",\"description\":\"\",\"publisher\":{\"@id\":\"https:\/\/orallagos.pt\/#organization\"},\"potentialAction\":[{\"@type\":\"SearchAction\",\"target\":{\"@type\":\"EntryPoint\",\"urlTemplate\":\"https:\/\/orallagos.pt\/?s={search_term_string}\"},\"query-input\":{\"@type\":\"PropertyValueSpecification\",\"valueRequired\":true,\"valueName\":\"search_term_string\"}}],\"inLanguage\":\"de\"},{\"@type\":\"Organization\",\"@id\":\"https:\/\/orallagos.pt\/#organization\",\"name\":\"Orallagos\",\"url\":\"https:\/\/orallagos.pt\/\",\"logo\":{\"@type\":\"ImageObject\",\"inLanguage\":\"de\",\"@id\":\"https:\/\/orallagos.pt\/#\/schema\/logo\/image\/\",\"url\":\"https:\/\/orallagos.pt\/wp-content\/uploads\/2025\/08\/cropped-cropped-orallagos-logo-blue-.png\",\"contentUrl\":\"https:\/\/orallagos.pt\/wp-content\/uploads\/2025\/08\/cropped-cropped-orallagos-logo-blue-.png\",\"width\":229,\"height\":63,\"caption\":\"Orallagos\"},\"image\":{\"@id\":\"https:\/\/orallagos.pt\/#\/schema\/logo\/image\/\"},\"sameAs\":[\"https:\/\/www.facebook.com\/orallagosclinica\",\"https:\/\/www.instagram.com\/orallagosclinica\/\",\"https:\/\/www.linkedin.com\/company\/orallagos---centro-dent-rio-especializado\/about\/\"]},{\"@type\":\"Person\",\"@id\":\"https:\/\/orallagos.pt\/#\/schema\/person\/05363ea51778479b4cdbdc0971767fca\",\"name\":\"leandroreisda\",\"image\":{\"@type\":\"ImageObject\",\"inLanguage\":\"de\",\"@id\":\"https:\/\/orallagos.pt\/#\/schema\/person\/image\/\",\"url\":\"https:\/\/orallagos.pt\/wp-content\/plugins\/one-user-avatar\/assets\/images\/wpua-96x96.png\",\"contentUrl\":\"https:\/\/orallagos.pt\/wp-content\/plugins\/one-user-avatar\/assets\/images\/wpua-96x96.png\",\"caption\":\"leandroreisda\"},\"url\":\"https:\/\/orallagos.pt\/de\/author\/leandroreisda\/\"}]}<\/script>\n<!-- \/ Yoast SEO plugin. -->","yoast_head_json":{"title":"Zahnaufhellung: Alles, was Sie f\u00fcr ein strahlenderes und selbstbewussteres L\u00e4cheln wissen m\u00fcssen - Orallagos","robots":{"index":"index","follow":"follow","max-snippet":"max-snippet:-1","max-image-preview":"max-image-preview:large","max-video-preview":"max-video-preview:-1"},"canonical":"https:\/\/orallagos.pt\/de\/zahnaufhellung-alles-was-sie-fuer-ein-strahlenderes-und-selbstbewussteres-laecheln-wissen-muessen\/","og_locale":"de_DE","og_type":"article","og_title":"Zahnaufhellung: Alles, was Sie f\u00fcr ein strahlenderes und selbstbewussteres L\u00e4cheln wissen m\u00fcssen - Orallagos","og_description":"Ein strahlendes L\u00e4cheln vermittelt Gesundheit, Wohlbefinden und Selbstvertrauen. Wenn Sie Ihr L\u00e4cheln versch\u00f6nern m\u00f6chten, kann eine Zahnaufhellung die ideale L\u00f6sung sein. In diesem Artikel beantworten wir die h\u00e4ufigsten Fragen, damit Sie eine fundierte, sichere Entscheidung treffen k\u00f6nnen, die zu sichtbaren Ergebnissen f\u00fchrt. Was ist Zahnaufhellung? Die Zahnaufhellung ist ein kosmetischer Eingriff, der darauf abzielt, die [&hellip;]","og_url":"https:\/\/orallagos.pt\/de\/zahnaufhellung-alles-was-sie-fuer-ein-strahlenderes-und-selbstbewussteres-laecheln-wissen-muessen\/","og_site_name":"Orallagos","article_publisher":"https:\/\/www.facebook.com\/orallagosclinica","article_published_time":"2026-02-12T10:55:53+00:00","article_modified_time":"2026-02-12T11:35:08+00:00","og_image":[{"width":1024,"height":543,"url":"https:\/\/orallagos.pt\/wp-content\/uploads\/2026\/02\/Rectangle-23951-1024x543.jpg","type":"image\/jpeg"}],"author":"leandroreisda","twitter_card":"summary_large_image","twitter_misc":{"Verfasst von":"leandroreisda","Gesch\u00e4tzte Lesezeit":"4\u00a0Minuten"},"schema":{"@context":"https:\/\/schema.org","@graph":[{"@type":"Article","@id":"https:\/\/orallagos.pt\/de\/zahnaufhellung-alles-was-sie-fuer-ein-strahlenderes-und-selbstbewussteres-laecheln-wissen-muessen\/#article","isPartOf":{"@id":"https:\/\/orallagos.pt\/de\/zahnaufhellung-alles-was-sie-fuer-ein-strahlenderes-und-selbstbewussteres-laecheln-wissen-muessen\/"},"author":{"name":"leandroreisda","@id":"https:\/\/orallagos.pt\/#\/schema\/person\/05363ea51778479b4cdbdc0971767fca"},"headline":"Zahnaufhellung: Alles, was Sie f\u00fcr ein strahlenderes und selbstbewussteres L\u00e4cheln wissen m\u00fcssen","datePublished":"2026-02-12T10:55:53+00:00","dateModified":"2026-02-12T11:35:08+00:00","mainEntityOfPage":{"@id":"https:\/\/orallagos.pt\/de\/zahnaufhellung-alles-was-sie-fuer-ein-strahlenderes-und-selbstbewussteres-laecheln-wissen-muessen\/"},"wordCount":827,"commentCount":0,"publisher":{"@id":"https:\/\/orallagos.pt\/#organization"},"image":{"@id":"https:\/\/orallagos.pt\/de\/zahnaufhellung-alles-was-sie-fuer-ein-strahlenderes-und-selbstbewussteres-laecheln-wissen-muessen\/#primaryimage"},"thumbnailUrl":"https:\/\/orallagos.pt\/wp-content\/uploads\/2026\/02\/Rectangle-23951.jpg","keywords":{"1":"Kieferorthop\u00e4die"},"inLanguage":"de","potentialAction":[{"@type":"CommentAction","name":"Comment","target":["https:\/\/orallagos.pt\/de\/zahnaufhellung-alles-was-sie-fuer-ein-strahlenderes-und-selbstbewussteres-laecheln-wissen-muessen\/#respond"]}]},{"@type":"WebPage","@id":"https:\/\/orallagos.pt\/de\/zahnaufhellung-alles-was-sie-fuer-ein-strahlenderes-und-selbstbewussteres-laecheln-wissen-muessen\/","url":"https:\/\/orallagos.pt\/de\/zahnaufhellung-alles-was-sie-fuer-ein-strahlenderes-und-selbstbewussteres-laecheln-wissen-muessen\/","name":"Zahnaufhellung: Alles, was Sie f\u00fcr ein strahlenderes und selbstbewussteres L\u00e4cheln wissen m\u00fcssen - Orallagos","isPartOf":{"@id":"https:\/\/orallagos.pt\/#website"},"primaryImageOfPage":{"@id":"https:\/\/orallagos.pt\/de\/zahnaufhellung-alles-was-sie-fuer-ein-strahlenderes-und-selbstbewussteres-laecheln-wissen-muessen\/#primaryimage"},"image":{"@id":"https:\/\/orallagos.pt\/de\/zahnaufhellung-alles-was-sie-fuer-ein-strahlenderes-und-selbstbewussteres-laecheln-wissen-muessen\/#primaryimage"},"thumbnailUrl":"https:\/\/orallagos.pt\/wp-content\/uploads\/2026\/02\/Rectangle-23951.jpg","datePublished":"2026-02-12T10:55:53+00:00","dateModified":"2026-02-12T11:35:08+00:00","breadcrumb":{"@id":"https:\/\/orallagos.pt\/de\/zahnaufhellung-alles-was-sie-fuer-ein-strahlenderes-und-selbstbewussteres-laecheln-wissen-muessen\/#breadcrumb"},"inLanguage":"de","potentialAction":[{"@type":"ReadAction","target":["https:\/\/orallagos.pt\/de\/zahnaufhellung-alles-was-sie-fuer-ein-strahlenderes-und-selbstbewussteres-laecheln-wissen-muessen\/"]}]},{"@type":"ImageObject","inLanguage":"de","@id":"https:\/\/orallagos.pt\/de\/zahnaufhellung-alles-was-sie-fuer-ein-strahlenderes-und-selbstbewussteres-laecheln-wissen-muessen\/#primaryimage","url":"https:\/\/orallagos.pt\/wp-content\/uploads\/2026\/02\/Rectangle-23951.jpg","contentUrl":"https:\/\/orallagos.pt\/wp-content\/uploads\/2026\/02\/Rectangle-23951.jpg","width":2493,"height":1322},{"@type":"BreadcrumbList","@id":"https:\/\/orallagos.pt\/de\/zahnaufhellung-alles-was-sie-fuer-ein-strahlenderes-und-selbstbewussteres-laecheln-wissen-muessen\/#breadcrumb","itemListElement":[{"@type":"ListItem","position":1,"name":"Home","item":"https:\/\/orallagos.pt\/de\/"},{"@type":"ListItem","position":2,"name":"Zahnaufhellung: Alles, was Sie f\u00fcr ein strahlenderes und selbstbewussteres L\u00e4cheln wissen m\u00fcssen"}]},{"@type":"WebSite","@id":"https:\/\/orallagos.pt\/#website","url":"https:\/\/orallagos.pt\/","name":"Orallagos","description":"","publisher":{"@id":"https:\/\/orallagos.pt\/#organization"},"potentialAction":[{"@type":"SearchAction","target":{"@type":"EntryPoint","urlTemplate":"https:\/\/orallagos.pt\/?s={search_term_string}"},"query-input":{"@type":"PropertyValueSpecification","valueRequired":true,"valueName":"search_term_string"}}],"inLanguage":"de"},{"@type":"Organization","@id":"https:\/\/orallagos.pt\/#organization","name":"Orallagos","url":"https:\/\/orallagos.pt\/","logo":{"@type":"ImageObject","inLanguage":"de","@id":"https:\/\/orallagos.pt\/#\/schema\/logo\/image\/","url":"https:\/\/orallagos.pt\/wp-content\/uploads\/2025\/08\/cropped-cropped-orallagos-logo-blue-.png","contentUrl":"https:\/\/orallagos.pt\/wp-content\/uploads\/2025\/08\/cropped-cropped-orallagos-logo-blue-.png","width":229,"height":63,"caption":"Orallagos"},"image":{"@id":"https:\/\/orallagos.pt\/#\/schema\/logo\/image\/"},"sameAs":["https:\/\/www.facebook.com\/orallagosclinica","https:\/\/www.instagram.com\/orallagosclinica\/","https:\/\/www.linkedin.com\/company\/orallagos---centro-dent-rio-especializado\/about\/"]},{"@type":"Person","@id":"https:\/\/orallagos.pt\/#\/schema\/person\/05363ea51778479b4cdbdc0971767fca","name":"leandroreisda","image":{"@type":"ImageObject","inLanguage":"de","@id":"https:\/\/orallagos.pt\/#\/schema\/person\/image\/","url":"https:\/\/orallagos.pt\/wp-content\/plugins\/one-user-avatar\/assets\/images\/wpua-96x96.png","contentUrl":"https:\/\/orallagos.pt\/wp-content\/plugins\/one-user-avatar\/assets\/images\/wpua-96x96.png","caption":"leandroreisda"},"url":"https:\/\/orallagos.pt\/de\/author\/leandroreisda\/"}]}},"_links":{"self":[{"href":"https:\/\/orallagos.pt\/de\/wp-json\/wp\/v2\/posts\/7155","targetHints":{"allow":["GET"]}}],"collection":[{"href":"https:\/\/orallagos.pt\/de\/wp-json\/wp\/v2\/posts"}],"about":[{"href":"https:\/\/orallagos.pt\/de\/wp-json\/wp\/v2\/types\/post"}],"author":[{"embeddable":true,"href":"https:\/\/orallagos.pt\/de\/wp-json\/wp\/v2\/users\/2"}],"replies":[{"embeddable":true,"href":"https:\/\/orallagos.pt\/de\/wp-json\/wp\/v2\/comments?post=7155"}],"version-history":[{"count":1,"href":"https:\/\/orallagos.pt\/de\/wp-json\/wp\/v2\/posts\/7155\/revisions"}],"predecessor-version":[{"id":7156,"href":"https:\/\/orallagos.pt\/de\/wp-json\/wp\/v2\/posts\/7155\/revisions\/7156"}],"wp:featuredmedia":[{"embeddable":true,"href":"https:\/\/orallagos.pt\/de\/wp-json\/wp\/v2\/media\/7154"}],"wp:attachment":[{"href":"https:\/\/orallagos.pt\/de\/wp-json\/wp\/v2\/media?parent=7155"}],"wp:term":[{"taxonomy":"category","embeddable":true,"href":"https:\/\/orallagos.pt\/de\/wp-json\/wp\/v2\/categories?post=7155"},{"taxonomy":"post_tag","embeddable":true,"href":"https:\/\/orallagos.pt\/de\/wp-json\/wp\/v2\/tags?post=7155"}],"curies":[{"name":"wp","href":"https:\/\/api.w.org\/{rel}","templated":true}]}}