{"id":6878,"date":"2025-12-03T14:56:33","date_gmt":"2025-12-03T14:56:33","guid":{"rendered":"https:\/\/orallagos.pt\/kieferorthopaedie-ist-das-jugendalter-der-beste-und-einzige-zeitpunkt\/"},"modified":"2025-12-09T15:25:52","modified_gmt":"2025-12-09T15:25:52","slug":"kieferorthopaedie-ist-das-jugendalter-der-beste-und-einzige-zeitpunkt","status":"publish","type":"post","link":"https:\/\/orallagos.pt\/de\/kieferorthopaedie-ist-das-jugendalter-der-beste-und-einzige-zeitpunkt\/","title":{"rendered":"Kieferorthop\u00e4die \u2013 ist das Jugendalter der beste und einzige Zeitpunkt?"},"content":{"rendered":"\t\t<div data-elementor-type=\"wp-post\" data-elementor-id=\"6878\" class=\"elementor elementor-6878 elementor-6742\" data-elementor-post-type=\"post\">\n\t\t\t\t<div class=\"elementor-element elementor-element-a116013 e-con-full e-flex pxl-column-none pxl-row-scroll-none pxl-zoom-point-false pxl-section-overflow-visible pxl-section-fix-none pxl-full-content-with-space-none pxl-bg-color-none pxl-section-overlay-none e-con e-parent \" data-id=\"a116013\" data-element_type=\"container\" data-e-type=\"container\"><div class=\"elementor-element elementor-element-f52710b e-con-full e-flex pxl-column-none pxl-row-scroll-none pxl-zoom-point-false pxl-section-overflow-visible pxl-section-fix-none pxl-full-content-with-space-none pxl-bg-color-none pxl-section-overlay-none e-con e-child \" data-id=\"f52710b\" data-element_type=\"container\" data-e-type=\"container\">\t\t<div class=\"elementor-element elementor-element-2fb3570 elementor-widget elementor-widget-pxl_image\" data-id=\"2fb3570\" data-element_type=\"widget\" data-e-type=\"widget\" data-widget_type=\"pxl_image.default\">\n\t\t\t\t<div class=\"elementor-widget-container\">\n\t\t\t\t\t<div id=\"pxl_image-2fb3570-5384\" class=\"pxl-image-single  style-default \" data-wow-delay=\"ms\" >\r\n    <div class=\"pxl-item--inner \" data-wow-delay=\"120ms\">\r\n        \r\n                                <div class=\"pxl-item--bg bg-image \" data-wow-delay=\"ms\" style=\"background-image: url(https:\/\/orallagos.pt\/wp-content\/uploads\/2025\/12\/pleased-woman-dental-braces-taking-selfie-scaled.avif);\"><\/div>\r\n                                <\/div>\r\n<\/div>\t\t\t\t<\/div>\n\t\t\t\t<\/div>\n\t\t\t\t<\/div>\r\n\t\t<div class=\"elementor-element elementor-element-65e0f5b e-con-full e-flex pxl-column-none pxl-row-scroll-none pxl-zoom-point-false pxl-section-overflow-visible pxl-section-fix-none pxl-full-content-with-space-none pxl-bg-color-none pxl-section-overlay-none e-con e-child \" data-id=\"65e0f5b\" data-element_type=\"container\" data-e-type=\"container\">\t\t<div class=\"elementor-element elementor-element-e8f9019 elementor-widget elementor-widget-text-editor\" data-id=\"e8f9019\" data-element_type=\"widget\" data-e-type=\"widget\" data-widget_type=\"text-editor.default\">\n\t\t\t\t\t\t\t\t\t<div class=\"sidebar\"><a href=\"https:\/\/sonrisas.bqdentalcenters.es\/orallagos\/23\/ortodontia-adolescencia-melhor-altura\/\"><strong>Artikel verfasst von:<\/strong> Dr. Carmen Lorente <\/a><\/div>\n<div class=\"c-wrapper-content\">\n<div class=\"c-full seccion_1\">\n<div class=\"c-wrapper\">&nbsp;<\/div>\n<\/div>\n<\/div>\t\t\t\t\t\t\t\t<\/div>\n\t\t\t\t<div class=\"elementor-element elementor-element-2929c54 elementor-widget elementor-widget-pxl_heading\" data-id=\"2929c54\" data-element_type=\"widget\" data-e-type=\"widget\" data-widget_type=\"pxl_heading.default\">\n\t\t\t\t<div class=\"elementor-widget-container\">\n\t\t\t\t\t<div id=\"pxl-pxl_heading-2929c54-3796\" class=\"pxl-heading px-sub-title-default-style\">\n\t<div class=\"pxl-heading--inner\">\n\t\t\n\t\t\n\t\t<h2 class=\"pxl-item--title \" data-wow-delay=\"ms\">\n\t\t\tIst die Pubert\u00e4t der beste und einzige Zeitpunkt f\u00fcr eine kieferorthop\u00e4dische Behandlung?\t\t\n\t\t<\/h2>\n\n\t\t\t\t\n\t<\/div>\n<\/div>\t\t\t\t<\/div>\n\t\t\t\t<\/div>\n\t\t\t\t<div class=\"elementor-element elementor-element-9f549c3 elementor-widget elementor-widget-text-editor\" data-id=\"9f549c3\" data-element_type=\"widget\" data-e-type=\"widget\" data-widget_type=\"text-editor.default\">\n\t\t\t\t\t\t\t\t\t<p>Jahrzehntelang wurde die Kieferorthop\u00e4die vor allem mit dem Jugendalter in Verbindung gebracht. In dieser Lebensphase stehen neben den k\u00f6rperlichen und emotionalen Ver\u00e4nderungen oft auch die Z\u00e4hne im Mittelpunkt der Aufmerksamkeit. <\/p><p><strong>Aber ist die Pubert\u00e4t wirklich der beste und einzige Zeitpunkt, um Zahnprobleme zu korrigieren?<\/strong><\/p><p>Die Antwort ist komplexer als es scheint und spiegelt die Entwicklung der Kieferorthop\u00e4die im Laufe der Zeit wider.<\/p>\t\t\t\t\t\t\t\t<\/div>\n\t\t\t\t<\/div>\r\n\t\t\t\t<\/div>\r\n\t\t<div class=\"elementor-element elementor-element-a8ad8eb e-flex e-con-boxed pxl-column-none pxl-row-scroll-none pxl-zoom-point-false pxl-section-overflow-visible pxl-section-fix-none pxl-full-content-with-space-none pxl-bg-color-none pxl-section-overlay-none e-con e-parent \" data-id=\"a8ad8eb\" data-element_type=\"container\" data-e-type=\"container\">\t\t\t<div class=\"e-con-inner\">\r\n\t\t\t\t<div class=\"elementor-element elementor-element-f77d708 elementor-widget elementor-widget-pxl_heading\" data-id=\"f77d708\" data-element_type=\"widget\" data-e-type=\"widget\" data-widget_type=\"pxl_heading.default\">\n\t\t\t\t<div class=\"elementor-widget-container\">\n\t\t\t\t\t<div id=\"pxl-pxl_heading-f77d708-6125\" class=\"pxl-heading px-sub-title-default-style\">\n\t<div class=\"pxl-heading--inner\">\n\t\t\n\t\t\n\t\t<h2 class=\"pxl-item--title \" data-wow-delay=\"ms\">\n\t\t\tAdoleszenz: eine ideale, aber nicht ausschlie\u00dfliche Zeit\t\t\n\t\t<\/h2>\n\n\t\t\t\t\n\t<\/div>\n<\/div>\t\t\t\t<\/div>\n\t\t\t\t<\/div>\n\t\t\t\t<div class=\"elementor-element elementor-element-0bb0c7b elementor-widget elementor-widget-text-editor\" data-id=\"0bb0c7b\" data-element_type=\"widget\" data-e-type=\"widget\" data-widget_type=\"text-editor.default\">\n\t\t\t\t\t\t\t\t\t<div class=\"c-full seccion_2\"><div class=\"c-wrapper\"><p class=\"inner-text js-ani fadeInElementInner\">Die Pubert\u00e4t, in der Regel zwischen <strong>12 und 18 Jahren<\/strong>, gilt sowohl aus biologischen als auch aus <a href=\"https:\/\/orallagos.pt\/tratamentos\/ortodontia\/\">praktischen Gr\u00fcnden<\/a> als idealer Zeitpunkt f\u00fcr eine kieferorthop\u00e4dische Behandlung.<\/p><p class=\"inner-text js-ani fadeInElementInner\">W\u00e4hrend dieser Phase befinden sich die Kieferknochen noch in der Entwicklung, was <strong>die Korrektur von Skelett- und Zahnfehlstellungen erleichtert.<\/strong> Fehlstellungen wie Engst\u00e4nde, \u00dcberbisse (Klasse II) oder offene Bisse lassen sich leichter behandeln, solange sich die Knochenstrukturen noch im aktiven Wachstum befinden.<\/p><p>Dar\u00fcber hinaus ist die Pubert\u00e4t in der Regel mit <strong>dem Abschluss des Durchbruchs der bleibenden Z\u00e4hne<\/strong> verbunden, was es dem Kieferorthop\u00e4den erm\u00f6glicht, Probleme umfassend zu behandeln. Andererseits wird die Behandlung in dieser Phase oft auch gesellschaftlich besser akzeptiert, da es \u00fcblich ist, dass Jugendliche Zahnspangen oder <strong><a href=\"https:\/\/orallagos.pt\/de\/service\/unsichtbare-kieferorthopaedie\/\">transparente Aligner tragen.<\/a><\/strong> <\/p><p>Das bedeutet jedoch nicht, dass die Pubert\u00e4t der einzige Zeitpunkt f\u00fcr eine kieferorthop\u00e4dische Behandlung ist.<\/p><\/div><\/div>\t\t\t\t\t\t\t\t<\/div>\n\t\t\t\t<div class=\"elementor-element elementor-element-9ba6b82 elementor-widget elementor-widget-image\" data-id=\"9ba6b82\" data-element_type=\"widget\" data-e-type=\"widget\" data-widget_type=\"image.default\">\n\t\t\t\t\t\t\t\t\t\t\t\t\t\t\t<img fetchpriority=\"high\" decoding=\"async\" width=\"1024\" height=\"683\" src=\"https:\/\/orallagos.pt\/wp-content\/uploads\/2025\/12\/beautiful-girl-sitting-dentist-s-office-1024x683.avif\" class=\"attachment-large size-large wp-image-6810\" alt=\"\" srcset=\"https:\/\/orallagos.pt\/wp-content\/uploads\/2025\/12\/beautiful-girl-sitting-dentist-s-office-1024x683.avif 1024w, https:\/\/orallagos.pt\/wp-content\/uploads\/2025\/12\/beautiful-girl-sitting-dentist-s-office-300x200.avif 300w, https:\/\/orallagos.pt\/wp-content\/uploads\/2025\/12\/beautiful-girl-sitting-dentist-s-office-768x512.avif 768w, https:\/\/orallagos.pt\/wp-content\/uploads\/2025\/12\/beautiful-girl-sitting-dentist-s-office-1536x1024.avif 1536w, https:\/\/orallagos.pt\/wp-content\/uploads\/2025\/12\/beautiful-girl-sitting-dentist-s-office-2048x1365.avif 2048w, https:\/\/orallagos.pt\/wp-content\/uploads\/2025\/12\/beautiful-girl-sitting-dentist-s-office-1125x750.avif 1125w\" sizes=\"(max-width: 1024px) 100vw, 1024px\" \/>\t\t\t\t\t\t\t\t\t\t\t\t\t\t\t<\/div>\n\t\t\t\t\t<\/div>\r\n\t\t\t\t<\/div>\r\n\t\t<div class=\"elementor-element elementor-element-3ddbdb9 e-flex e-con-boxed pxl-column-none pxl-row-scroll-none pxl-zoom-point-false pxl-section-overflow-visible pxl-section-fix-none pxl-full-content-with-space-none pxl-bg-color-none pxl-section-overlay-none e-con e-parent \" data-id=\"3ddbdb9\" data-element_type=\"container\" data-e-type=\"container\">\t\t\t<div class=\"e-con-inner\">\r\n\t\t<div class=\"elementor-element elementor-element-0a726b2 e-con-full e-flex pxl-column-none pxl-row-scroll-none pxl-zoom-point-false pxl-section-overflow-visible pxl-section-fix-none pxl-full-content-with-space-none pxl-bg-color-none pxl-section-overlay-none e-con e-child \" data-id=\"0a726b2\" data-element_type=\"container\" data-e-type=\"container\">\t\t<div class=\"elementor-element elementor-element-02d6f47 elementor-widget elementor-widget-pxl_heading\" data-id=\"02d6f47\" data-element_type=\"widget\" data-e-type=\"widget\" data-widget_type=\"pxl_heading.default\">\n\t\t\t\t<div class=\"elementor-widget-container\">\n\t\t\t\t\t<div id=\"pxl-pxl_heading-02d6f47-9998\" class=\"pxl-heading px-sub-title-default-style\">\n\t<div class=\"pxl-heading--inner\">\n\t\t\n\t\t\n\t\t<h2 class=\"pxl-item--title \" data-wow-delay=\"ms\">\n\t\t\tKieferorthop\u00e4die f\u00fcr Erwachsene: eine immer h\u00e4ufiger anzutreffende Realit\u00e4t\t\t\n\t\t<\/h2>\n\n\t\t\t\t\n\t<\/div>\n<\/div>\t\t\t\t<\/div>\n\t\t\t\t<\/div>\n\t\t\t\t<div class=\"elementor-element elementor-element-9ecfc41 elementor-widget elementor-widget-text-editor\" data-id=\"9ecfc41\" data-element_type=\"widget\" data-e-type=\"widget\" data-widget_type=\"text-editor.default\">\n\t\t\t\t\t\t\t\t\t<div class=\"c-full seccion_2\"><div class=\"c-wrapper\"><p class=\"inner-text js-ani fadeInElementInner\">In den letzten Jahrzehnten hat die Zahl der Erwachsenen, die sich einer kieferorthop\u00e4dischen Behandlung unterziehen, erheblich zugenommen. Nach Angaben der Spanischen Gesellschaft f\u00fcr Kieferorthop\u00e4die (SEDO) sind etwa 25 % der derzeitigen Patienten Erwachsene. Dies ist zum Teil auf technologische Fortschritte in diesem Bereich zur\u00fcckzuf\u00fchren, wie z. B. \u00e4sthetische Zahnspangen oder <a href=\"https:\/\/orallagos.pt\/tratamentos\/ortodontia\/\">transparente Aligner,<\/a> die diskrete und wirksame L\u00f6sungen bieten.  <\/p><p>Embora o crescimento \u00f3sseo tenha parado nos adultos, continua a ser poss\u00edvel movimentar os dentes atrav\u00e9s de for\u00e7as mec\u00e2nicas. Os resultados do tratamento s\u00e3o igualmente eficazes, embora possam existir mais limita\u00e7\u00f5es (implantes, falta de dentes, <a href=\"https:\/\/orallagos.pt\/tratamentos\/periodontologia\/\">doen\u00e7a periodontal<\/a>, etc.). <\/p><\/div><\/div>\t\t\t\t\t\t\t\t<\/div>\n\t\t\t\t<\/div>\r\n\t\t<div class=\"elementor-element elementor-element-1d34f65 e-con-full e-flex pxl-column-none pxl-row-scroll-none pxl-zoom-point-false pxl-section-overflow-visible pxl-section-fix-none pxl-full-content-with-space-none pxl-bg-color-none pxl-section-overlay-none e-con e-child \" data-id=\"1d34f65\" data-element_type=\"container\" data-e-type=\"container\">\t\t<div class=\"elementor-element elementor-element-a79ba0c elementor-widget elementor-widget-image\" data-id=\"a79ba0c\" data-element_type=\"widget\" data-e-type=\"widget\" data-widget_type=\"image.default\">\n\t\t\t\t\t\t\t\t\t\t\t\t\t\t\t<img decoding=\"async\" width=\"909\" height=\"1024\" src=\"https:\/\/orallagos.pt\/wp-content\/uploads\/2025\/12\/funny-portraits-909x1024.avif\" class=\"attachment-large size-large wp-image-6811\" alt=\"\" srcset=\"https:\/\/orallagos.pt\/wp-content\/uploads\/2025\/12\/funny-portraits-909x1024.avif 909w, https:\/\/orallagos.pt\/wp-content\/uploads\/2025\/12\/funny-portraits-266x300.avif 266w, https:\/\/orallagos.pt\/wp-content\/uploads\/2025\/12\/funny-portraits-768x865.avif 768w, https:\/\/orallagos.pt\/wp-content\/uploads\/2025\/12\/funny-portraits-1363x1536.avif 1363w, https:\/\/orallagos.pt\/wp-content\/uploads\/2025\/12\/funny-portraits-1818x2048.avif 1818w, https:\/\/orallagos.pt\/wp-content\/uploads\/2025\/12\/funny-portraits-666x750.avif 666w\" sizes=\"(max-width: 909px) 100vw, 909px\" \/>\t\t\t\t\t\t\t\t\t\t\t\t\t\t\t<\/div>\n\t\t\t\t<\/div>\r\n\t\t\t\t\t<\/div>\r\n\t\t\t\t<\/div>\r\n\t\t<div class=\"elementor-element elementor-element-8054901 e-flex e-con-boxed pxl-column-none pxl-row-scroll-none pxl-zoom-point-false pxl-section-overflow-visible pxl-section-fix-none pxl-full-content-with-space-none pxl-bg-color-none pxl-section-overlay-none e-con e-parent \" data-id=\"8054901\" data-element_type=\"container\" data-e-type=\"container\">\t\t\t<div class=\"e-con-inner\">\r\n\t\t\t\t<div class=\"elementor-element elementor-element-71c1877 elementor-widget elementor-widget-text-editor\" data-id=\"71c1877\" data-element_type=\"widget\" data-e-type=\"widget\" data-widget_type=\"text-editor.default\">\n\t\t\t\t\t\t\t\t\t<div class=\"c-full seccion_2\"><div class=\"c-wrapper\"><div class=\"c-full seccion_3\"><div class=\"c-wrapper\"><p class=\"inner-text js-ani fadeInElementInner\">Dar\u00fcber hinaus entscheiden sich viele Erwachsene f\u00fcr eine kieferorthop\u00e4dische Behandlung, um Probleme zu beheben, die in ihrer Jugend nicht behandelt wurden, oder um damit verbundene Komplikationen wie Zahnabnutzung, Kaubeschwerden oder Probleme mit dem Kiefergelenk (TMG) zu beheben.<\/p><\/div><\/div><\/div><\/div>\t\t\t\t\t\t\t\t<\/div>\n\t\t\t\t\t<\/div>\r\n\t\t\t\t<\/div>\r\n\t\t<div class=\"elementor-element elementor-element-01453e9 e-flex e-con-boxed pxl-column-none pxl-row-scroll-none pxl-zoom-point-false pxl-section-overflow-visible pxl-section-fix-none pxl-full-content-with-space-none pxl-bg-color-none pxl-section-overlay-none e-con e-parent \" data-id=\"01453e9\" data-element_type=\"container\" data-e-type=\"container\">\t\t\t<div class=\"e-con-inner\">\r\n\t\t<div class=\"elementor-element elementor-element-e877d06 e-con-full e-flex pxl-column-none pxl-row-scroll-none pxl-zoom-point-false pxl-section-overflow-visible pxl-section-fix-none pxl-full-content-with-space-none pxl-bg-color-none pxl-section-overlay-none e-con e-child \" data-id=\"e877d06\" data-element_type=\"container\" data-e-type=\"container\">\t\t<div class=\"elementor-element elementor-element-fec9586 elementor-widget elementor-widget-image\" data-id=\"fec9586\" data-element_type=\"widget\" data-e-type=\"widget\" data-widget_type=\"image.default\">\n\t\t\t\t\t\t\t\t\t\t\t\t\t\t\t<img decoding=\"async\" width=\"600\" height=\"600\" src=\"https:\/\/orallagos.pt\/wp-content\/uploads\/2025\/12\/cheerful-teenager-with-braces-reading-steps-600x600.avif\" class=\"attachment-dentia-portfolio size-dentia-portfolio wp-image-6812\" alt=\"\" srcset=\"https:\/\/orallagos.pt\/wp-content\/uploads\/2025\/12\/cheerful-teenager-with-braces-reading-steps-600x600.avif 600w, https:\/\/orallagos.pt\/wp-content\/uploads\/2025\/12\/cheerful-teenager-with-braces-reading-steps-150x150.avif 150w\" sizes=\"(max-width: 600px) 100vw, 600px\" \/>\t\t\t\t\t\t\t\t\t\t\t\t\t\t\t<\/div>\n\t\t\t\t<\/div>\r\n\t\t<div class=\"elementor-element elementor-element-04bbba8 e-con-full e-flex pxl-column-none pxl-row-scroll-none pxl-zoom-point-false pxl-section-overflow-visible pxl-section-fix-none pxl-full-content-with-space-none pxl-bg-color-none pxl-section-overlay-none e-con e-child \" data-id=\"04bbba8\" data-element_type=\"container\" data-e-type=\"container\">\t\t<div class=\"elementor-element elementor-element-a381a89 elementor-widget elementor-widget-pxl_heading\" data-id=\"a381a89\" data-element_type=\"widget\" data-e-type=\"widget\" data-widget_type=\"pxl_heading.default\">\n\t\t\t\t<div class=\"elementor-widget-container\">\n\t\t\t\t\t<div id=\"pxl-pxl_heading-a381a89-3345\" class=\"pxl-heading px-sub-title-default-style\">\n\t<div class=\"pxl-heading--inner\">\n\t\t\n\t\t\n\t\t<h2 class=\"pxl-item--title \" data-wow-delay=\"ms\">\n\t\t\tWas ist mit Kindern? Die Rolle der interzeptiven Kieferorthop\u00e4die \t\t\n\t\t<\/h2>\n\n\t\t\t\t\n\t<\/div>\n<\/div>\t\t\t\t<\/div>\n\t\t\t\t<\/div>\n\t\t\t\t<div class=\"elementor-element elementor-element-e206935 elementor-widget elementor-widget-text-editor\" data-id=\"e206935\" data-element_type=\"widget\" data-e-type=\"widget\" data-widget_type=\"text-editor.default\">\n\t\t\t\t\t\t\t\t\t<p>Obwohl weniger verbreitet, kann die kieferorthop\u00e4dische Behandlung in einigen F\u00e4llen bereits im Kindesalter beginnen. Die interceptive Kieferorthop\u00e4die, die im Alter zwischen 6 und 10 Jahren angewendet wird, soll gr\u00f6\u00dferen Problemen vorbeugen. Bei Kindern mit Kreuzbiss, starker Zahnengstellung oder Gewohnheiten wie Daumenlutschen k\u00f6nnen beispielsweise Zahnspangen eingesetzt werden, um das Wachstum zu lenken und zuk\u00fcnftige Komplikationen zu vermeiden.  <\/p>\t\t\t\t\t\t\t\t<\/div>\n\t\t\t\t<\/div>\r\n\t\t\t\t\t<\/div>\r\n\t\t\t\t<\/div>\r\n\t\t<div class=\"elementor-element elementor-element-bb41c0e e-flex e-con-boxed pxl-column-none pxl-row-scroll-none pxl-zoom-point-false pxl-section-overflow-visible pxl-section-fix-none pxl-full-content-with-space-none pxl-bg-color-none pxl-section-overlay-none e-con e-parent \" data-id=\"bb41c0e\" data-element_type=\"container\" data-e-type=\"container\">\t\t\t<div class=\"e-con-inner\">\r\n\t\t\t\t<div class=\"elementor-element elementor-element-b9516a5 elementor-widget elementor-widget-pxl_heading\" data-id=\"b9516a5\" data-element_type=\"widget\" data-e-type=\"widget\" data-widget_type=\"pxl_heading.default\">\n\t\t\t\t<div class=\"elementor-widget-container\">\n\t\t\t\t\t<div id=\"pxl-pxl_heading-b9516a5-1008\" class=\"pxl-heading px-sub-title-default-style\">\n\t<div class=\"pxl-heading--inner\">\n\t\t\n\t\t\n\t\t<h2 class=\"pxl-item--title \" data-wow-delay=\"ms\">\n\t\t\tWarum ist die Pubert\u00e4t ein guter Zeitpunkt f\u00fcr eine kieferorthop\u00e4dische Behandlung?\t\t\n\t\t<\/h2>\n\n\t\t\t\t\n\t<\/div>\n<\/div>\t\t\t\t<\/div>\n\t\t\t\t<\/div>\n\t\t\t\t<div class=\"elementor-element elementor-element-9f27893 elementor-widget elementor-widget-text-editor\" data-id=\"9f27893\" data-element_type=\"widget\" data-e-type=\"widget\" data-widget_type=\"text-editor.default\">\n\t\t\t\t\t\t\t\t\t<ol style=\"padding-left: 20px; line-height: 1.7; font-size: 16px; letter-spacing: 0.3px;\">\n \t<li style=\"margin-bottom: 20px;\">\n<div style=\"font-size: 20px; font-weight: 600; color: #10244b; margin-bottom: 6px;\">Wechsel von Milchz\u00e4hnen zu bleibenden Z\u00e4hnen<\/div>\n<div>Im Jugendalter haben viele Kinder bereits die meisten Milchz\u00e4hne verloren und fast alle bleibenden Z\u00e4hne. Dies erm\u00f6glicht die Arbeit an einem stabileren Gebiss und erleichtert die kieferorthop\u00e4dische Behandlung. <\/div><\/li>\n \t<li style=\"margin-bottom: 20px;\">\n<div style=\"font-size: 20px; font-weight: 600; color: #10244b; margin-bottom: 6px;\">Gesichts- und Knochenwachstum<\/div>\n<div>W\u00e4hrend dieser Phase befinden sich die Kieferknochen noch in der Entwicklung, was die Zahnbewegung effizienter macht und bei Bedarf kieferorthop\u00e4dische Korrekturen erm\u00f6glicht.<\/div><\/li>\n \t<li style=\"margin-bottom: 20px;\">\n<div style=\"font-size: 20px; font-weight: 600; color: #10244b; margin-bottom: 6px;\">Vermeidung zuk\u00fcnftiger Probleme<\/div>\n<div>Die Behandlung kieferorthop\u00e4discher Probleme im Jugendalter beugt Komplikationen im Erwachsenenalter vor, wie Zahnfehlstellungen, Bissproblemen, Kiefergelenksbeschwerden und unregelm\u00e4\u00dfiger Abnutzung der Z\u00e4hne.<\/div><\/li>\n \t<li style=\"margin-bottom: 20px;\">\n<div style=\"font-size: 20px; font-weight: 600; color: #10244b; margin-bottom: 6px;\">Schnellere Ergebnisse<\/div>\n<div>Dank der aktiven Wachstumsphase sind Behandlungen im Jugendalter in der Regel schneller und mit weniger Einschr\u00e4nkungen verbunden als bei Erwachsenen.<\/div><\/li>\n<\/ol>\t\t\t\t\t\t\t\t<\/div>\n\t\t\t\t<div class=\"elementor-element elementor-element-aff9a8d elementor-widget elementor-widget-image\" data-id=\"aff9a8d\" data-element_type=\"widget\" data-e-type=\"widget\" data-widget_type=\"image.default\">\n\t\t\t\t\t\t\t\t\t\t\t\t\t\t\t<img loading=\"lazy\" decoding=\"async\" width=\"1024\" height=\"683\" src=\"https:\/\/orallagos.pt\/wp-content\/uploads\/2025\/12\/dentist-showing-dental-plastic-model-with-braces-1024x683.avif\" class=\"attachment-large size-large wp-image-6813\" alt=\"\" srcset=\"https:\/\/orallagos.pt\/wp-content\/uploads\/2025\/12\/dentist-showing-dental-plastic-model-with-braces-1024x683.avif 1024w, https:\/\/orallagos.pt\/wp-content\/uploads\/2025\/12\/dentist-showing-dental-plastic-model-with-braces-300x200.avif 300w, https:\/\/orallagos.pt\/wp-content\/uploads\/2025\/12\/dentist-showing-dental-plastic-model-with-braces-768x512.avif 768w, https:\/\/orallagos.pt\/wp-content\/uploads\/2025\/12\/dentist-showing-dental-plastic-model-with-braces-1536x1024.avif 1536w, https:\/\/orallagos.pt\/wp-content\/uploads\/2025\/12\/dentist-showing-dental-plastic-model-with-braces-2048x1365.avif 2048w, https:\/\/orallagos.pt\/wp-content\/uploads\/2025\/12\/dentist-showing-dental-plastic-model-with-braces-1125x750.avif 1125w\" sizes=\"(max-width: 1024px) 100vw, 1024px\" \/>\t\t\t\t\t\t\t\t\t\t\t\t\t\t\t<\/div>\n\t\t\t\t\t<\/div>\r\n\t\t\t\t<\/div>\r\n\t\t<div class=\"elementor-element elementor-element-49e824f e-flex e-con-boxed pxl-column-none pxl-row-scroll-none pxl-zoom-point-false pxl-section-overflow-visible pxl-section-fix-none pxl-full-content-with-space-none pxl-bg-color-none pxl-section-overlay-none e-con e-parent \" data-id=\"49e824f\" data-element_type=\"container\" data-e-type=\"container\">\t\t\t<div class=\"e-con-inner\">\r\n\t\t\t\t<div class=\"elementor-element elementor-element-cbfd6ed elementor-widget elementor-widget-pxl_heading\" data-id=\"cbfd6ed\" data-element_type=\"widget\" data-e-type=\"widget\" data-widget_type=\"pxl_heading.default\">\n\t\t\t\t<div class=\"elementor-widget-container\">\n\t\t\t\t\t<div id=\"pxl-pxl_heading-cbfd6ed-1714\" class=\"pxl-heading px-sub-title-default-style\">\n\t<div class=\"pxl-heading--inner\">\n\t\t\n\t\t\n\t\t<h2 class=\"pxl-item--title \" data-wow-delay=\"ms\">\n\t\t\tWas sind die h\u00e4ufigsten Fehlstellungen, die bei Jugendlichen korrigiert werden?\t\t\n\t\t<\/h2>\n\n\t\t\t\t\n\t<\/div>\n<\/div>\t\t\t\t<\/div>\n\t\t\t\t<\/div>\n\t\t\t\t<div class=\"elementor-element elementor-element-5ab73ed elementor-widget elementor-widget-text-editor\" data-id=\"5ab73ed\" data-element_type=\"widget\" data-e-type=\"widget\" data-widget_type=\"text-editor.default\">\n\t\t\t\t\t\t\t\t\t<div class=\"c-full seccion_2\"><div class=\"c-wrapper\"><div class=\"c-full seccion_3\"><div class=\"c-wrapper\"><div class=\"c-full seccion_4\"><div class=\"c-wrapper\"><p class=\"inner-text js-ani fadeInElementInner\"><strong>Die h\u00e4ufigsten Fehlstellungen, die bei Jugendlichen mit kieferorthop\u00e4dischen Ma\u00dfnahmen korrigiert werden, sind:<\/strong><\/p><\/div><\/div><\/div><\/div><\/div><\/div>\t\t\t\t\t\t\t\t<\/div>\n\t\t\t\t<div class=\"elementor-element elementor-element-c5dc188 elementor-widget elementor-widget-text-editor\" data-id=\"c5dc188\" data-element_type=\"widget\" data-e-type=\"widget\" data-widget_type=\"text-editor.default\">\n\t\t\t\t\t\t\t\t\t<ul style=\"padding-left: 20px; line-height: 1.7; font-size: 16px; letter-spacing: 0.3px; list-style-type: disc;\"><li style=\"margin-bottom: 20px;\"><strong style=\"font-size: 20px; font-weight: 600; color: #10244b;\">Klasse I mit Engstand:<\/strong><br>Das Verh\u00e4ltnis zwischen den Zahnb\u00f6gen ist normal, aber die Z\u00e4hne sind aufgrund von Platzmangel falsch ausgerichtet. Dies kann zu \u00e4sthetischen Problemen und Schwierigkeiten bei der Mundhygiene f\u00fchren. <\/li><li style=\"margin-bottom: 20px;\"><strong style=\"font-size: 20px; font-weight: 600; color: #10244b;\">Klasse II, Division 1 (\u00dcberbiss):<\/strong><br>Die oberen Z\u00e4hne stehen gegen\u00fcber den unteren Z\u00e4hnen zu weit vor, wodurch ein konvexes Profil entsteht und das Risiko von Verletzungen der Frontz\u00e4hne erh\u00f6ht wird.<\/li><li style=\"margin-bottom: 20px;\"><strong style=\"font-size: 20px; font-weight: 600; color: #10244b;\">Klasse II, Division 2:<\/strong><br>Es besteht eine Fehlstellung zwischen den Zahnb\u00f6gen, aber die oberen Schneidez\u00e4hne sind nach innen geneigt, was zu einem geschlosseneren Profil und funktionellen Problemen f\u00fchrt.<\/li><li style=\"margin-bottom: 20px;\"><strong style=\"font-size: 20px; font-weight: 600; color: #10244b;\">Klasse III (Kreuzbiss):<\/strong><br>Die unteren Z\u00e4hne stehen vor den oberen Z\u00e4hnen, was zu einem konkaven Profil und Schwierigkeiten beim Kauen f\u00fchren kann.<\/li><li style=\"margin-bottom: 20px;\"><strong style=\"font-size: 20px; font-weight: 600; color: #10244b;\">Offener Biss:<\/strong><br>Bei geschlossenem Mund bleibt eine L\u00fccke zwischen den oberen und unteren Z\u00e4hnen. Dies kann mit Gewohnheiten wie Daumenlutschen, atypischem Schlucken oder Mundatmung zusammenh\u00e4ngen. <\/li><li style=\"margin-bottom: 20px;\"><strong style=\"font-size: 20px; font-weight: 600; color: #10244b;\">Kreuzbiss:<\/strong><br>Die oberen Z\u00e4hne bei\u00dfen innen auf die unteren Z\u00e4hne. Dies kann auf einer Seite oder auf beiden Seiten auftreten und die Gesichts symmetrie beeintr\u00e4chtigen. <\/li><\/ul>\t\t\t\t\t\t\t\t<\/div>\n\t\t\t\t<div class=\"elementor-element elementor-element-e5de69c elementor-widget elementor-widget-image\" data-id=\"e5de69c\" data-element_type=\"widget\" data-e-type=\"widget\" data-widget_type=\"image.default\">\n\t\t\t\t\t\t\t\t\t\t\t\t\t\t\t<img loading=\"lazy\" decoding=\"async\" width=\"714\" height=\"485\" src=\"https:\/\/orallagos.pt\/wp-content\/uploads\/2025\/12\/Relato-de-caso-1-Ortodontia.avif\" class=\"attachment-large size-large wp-image-6814\" alt=\"\" srcset=\"https:\/\/orallagos.pt\/wp-content\/uploads\/2025\/12\/Relato-de-caso-1-Ortodontia.avif 714w, https:\/\/orallagos.pt\/wp-content\/uploads\/2025\/12\/Relato-de-caso-1-Ortodontia-300x204.avif 300w\" sizes=\"(max-width: 714px) 100vw, 714px\" \/>\t\t\t\t\t\t\t\t\t\t\t\t\t\t\t<\/div>\n\t\t\t\t<div class=\"elementor-element elementor-element-a65f1fe elementor-widget elementor-widget-text-editor\" data-id=\"a65f1fe\" data-element_type=\"widget\" data-e-type=\"widget\" data-widget_type=\"text-editor.default\">\n\t\t\t\t\t\t\t\t\t<p style=\"text-align: center;\">Fallbericht 1: Die Patientin wies eine Klasse-III-Fehlstellung, eine allgemeine Zahnfehlstellung und eine asymmetrische Mittellinienabweichung auf. Die Behandlung erfolgte mit transparenten Alignern und Mikroschrauben im dritten und vierten Quadranten, um den Unterkiefer nach distal (nach hinten) zu verschieben. <\/p>\t\t\t\t\t\t\t\t<\/div>\n\t\t\t\t<div class=\"elementor-element elementor-element-920e4df elementor-widget elementor-widget-text-editor\" data-id=\"920e4df\" data-element_type=\"widget\" data-e-type=\"widget\" data-widget_type=\"text-editor.default\">\n\t\t\t\t\t\t\t\t\t<ul style=\"padding-left: 20px; line-height: 1.7; font-size: 16px; letter-spacing: 0.3px; list-style-type: disc;\"><li style=\"margin-bottom: 20px;\">Diastemen:<br>Dies sind \u00fcberm\u00e4\u00dfige L\u00fccken zwischen den Z\u00e4hnen, meist an den oberen Schneidez\u00e4hnen, die auf Unterschiede in der Gr\u00f6\u00dfe der Z\u00e4hne oder auf ein \u00fcberm\u00e4\u00dfig entwickeltes Lippenb\u00e4ndchen zur\u00fcckzuf\u00fchren sein k\u00f6nnen.<\/li><li style=\"margin-bottom: 20px;\"><strong style=\"font-size: 20px; font-weight: 600; color: #10244b;\">Ektopische Zahnbildung:<\/strong><br>Das sind Z\u00e4hne, die von ihrem normalen Wachstumsweg abweichen. Einer der h\u00e4ufigsten F\u00e4lle ist der Eckzahn, der sich manchmal in Richtung Gaumen bewegt. <\/li><\/ul>\t\t\t\t\t\t\t\t<\/div>\n\t\t\t\t<div class=\"elementor-element elementor-element-7a815d3 elementor-widget elementor-widget-image\" data-id=\"7a815d3\" data-element_type=\"widget\" data-e-type=\"widget\" data-widget_type=\"image.default\">\n\t\t\t\t\t\t\t\t\t\t\t\t\t\t\t<img loading=\"lazy\" decoding=\"async\" width=\"753\" height=\"804\" src=\"https:\/\/orallagos.pt\/wp-content\/uploads\/2025\/12\/Relato-de-caso-2-Ortodontia.avif\" class=\"attachment-large size-large wp-image-6815\" alt=\"\" srcset=\"https:\/\/orallagos.pt\/wp-content\/uploads\/2025\/12\/Relato-de-caso-2-Ortodontia.avif 753w, https:\/\/orallagos.pt\/wp-content\/uploads\/2025\/12\/Relato-de-caso-2-Ortodontia-281x300.avif 281w, https:\/\/orallagos.pt\/wp-content\/uploads\/2025\/12\/Relato-de-caso-2-Ortodontia-702x750.avif 702w\" sizes=\"(max-width: 753px) 100vw, 753px\" \/>\t\t\t\t\t\t\t\t\t\t\t\t\t\t\t<\/div>\n\t\t\t\t<div class=\"elementor-element elementor-element-5513089 elementor-widget elementor-widget-text-editor\" data-id=\"5513089\" data-element_type=\"widget\" data-e-type=\"widget\" data-widget_type=\"text-editor.default\">\n\t\t\t\t\t\t\t\t\t<p style=\"text-align: center;\">Fallbericht 2: Die Patientin wies eine Zahnfehlstellung der Klasse II Division 2 mit weitem \u00dcberbiss und ektopischer Eruption der oberen Eckz\u00e4hne auf. Es wurde eine kieferorthop\u00e4dische Behandlung mit mehreren transparenten Brackets und eine Fenestrationsoperation an beiden Eckz\u00e4hnen durchgef\u00fchrt. Aufgrund der palatinalen Position der Eckz\u00e4hne setzten wir zwei Mikroschrauben ein, um deren Traktion zu unterst\u00fctzen und die Kronen von den Wurzeln der Schneidez\u00e4hne trennen zu k\u00f6nnen. Anschlie\u00dfend zogen wir sie mit Hilfe einer Feder von der vestibul\u00e4ren Seite her, um sie an ihrer Stelle im Zahnbogen zu positionieren.   <\/p>\t\t\t\t\t\t\t\t<\/div>\n\t\t\t\t<div class=\"elementor-element elementor-element-c805c7f elementor-widget elementor-widget-text-editor\" data-id=\"c805c7f\" data-element_type=\"widget\" data-e-type=\"widget\" data-widget_type=\"text-editor.default\">\n\t\t\t\t\t\t\t\t\t<p>Diese Probleme lassen sich in der Regel im Jugendalter leichter beheben, da das Knochenwachstum noch nicht abgeschlossen ist und sich die Zahn- und Skelettstrukturen noch besser ver\u00e4ndern lassen.<\/p>\t\t\t\t\t\t\t\t<\/div>\n\t\t\t\t\t<\/div>\r\n\t\t\t\t<\/div>\r\n\t\t<div class=\"elementor-element elementor-element-35d6329 e-flex e-con-boxed pxl-column-none pxl-row-scroll-none pxl-zoom-point-false pxl-section-overflow-visible pxl-section-fix-none pxl-full-content-with-space-none pxl-bg-color-none pxl-section-overlay-none e-con e-parent \" data-id=\"35d6329\" data-element_type=\"container\" data-e-type=\"container\">\t\t\t<div class=\"e-con-inner\">\r\n\t\t\t\t<div class=\"elementor-element elementor-element-5f33ff2 elementor-widget elementor-widget-pxl_heading\" data-id=\"5f33ff2\" data-element_type=\"widget\" data-e-type=\"widget\" data-widget_type=\"pxl_heading.default\">\n\t\t\t\t<div class=\"elementor-widget-container\">\n\t\t\t\t\t<div id=\"pxl-pxl_heading-5f33ff2-5238\" class=\"pxl-heading px-sub-title-default-style\">\n\t<div class=\"pxl-heading--inner\">\n\t\t\n\t\t\n\t\t<h2 class=\"pxl-item--title \" data-wow-delay=\"ms\">\n\t\t\tDie h\u00e4ufigsten Arten der kieferorthop\u00e4dischen Behandlung im Jugendalter\t\t\n\t\t<\/h2>\n\n\t\t\t\t\n\t<\/div>\n<\/div>\t\t\t\t<\/div>\n\t\t\t\t<\/div>\n\t\t\t\t<div class=\"elementor-element elementor-element-27e4f59 elementor-widget elementor-widget-text-editor\" data-id=\"27e4f59\" data-element_type=\"widget\" data-e-type=\"widget\" data-widget_type=\"text-editor.default\">\n\t\t\t\t\t\t\t\t\t<ul style=\"padding-left: 20px; line-height: 1.7; font-size: 16px; letter-spacing: 0.3px; list-style-type: disc;\"><li style=\"margin-bottom: 20px;\"><strong style=\"font-size: 20px; font-weight: 600; color: #10244b;\">Brackets:<\/strong><br>Sie sind die g\u00e4ngigste Art und bestehen aus kleinen, an den Z\u00e4hnen befestigten Vorrichtungen, die durch einen Draht miteinander verbunden sind. Brackets k\u00f6nnen aus Metall oder aus \u00e4sthetischen Materialien (Keramik oder Saphir, weniger sichtbar) bestehen. <\/li><li style=\"margin-bottom: 20px;\">Transparente Aligner:<br>Es werden transparente Kunststoff-Aligner verwendet, die von Zeit zu Zeit ausgetauscht werden. Sie sind unauff\u00e4llig und k\u00f6nnen bequemer sein, sind jedoch nicht f\u00fcr alle F\u00e4lle geeignet, insbesondere bei komplizierten Diagnosen. <\/li><li style=\"margin-bottom: 20px;\"><strong style=\"font-size: 20px; font-weight: 600; color: #10244b;\">Hilfsger\u00e4te:<\/strong><br>In einigen F\u00e4llen k\u00f6nnen zus\u00e4tzliche Ger\u00e4te wie Kieferexpander verwendet werden.<\/li><\/ul>\t\t\t\t\t\t\t\t<\/div>\n\t\t\t\t\t<\/div>\r\n\t\t\t\t<\/div>\r\n\t\t<div class=\"elementor-element elementor-element-277d932 e-flex e-con-boxed pxl-column-none pxl-row-scroll-none pxl-zoom-point-false pxl-section-overflow-visible pxl-section-fix-none pxl-full-content-with-space-none pxl-bg-color-none pxl-section-overlay-none e-con e-parent \" data-id=\"277d932\" data-element_type=\"container\" data-e-type=\"container\">\t\t\t<div class=\"e-con-inner\">\r\n\t\t\t\t<div class=\"elementor-element elementor-element-c704e53 elementor-widget elementor-widget-pxl_heading\" data-id=\"c704e53\" data-element_type=\"widget\" data-e-type=\"widget\" data-widget_type=\"pxl_heading.default\">\n\t\t\t\t<div class=\"elementor-widget-container\">\n\t\t\t\t\t<div id=\"pxl-pxl_heading-c704e53-8751\" class=\"pxl-heading px-sub-title-default-style\">\n\t<div class=\"pxl-heading--inner\">\n\t\t\n\t\t\n\t\t<h2 class=\"pxl-item--title \" data-wow-delay=\"ms\">\n\t\t\t\u00dcberlegungen zu Jugendlichen\t\t\n\t\t<\/h2>\n\n\t\t\t\t\n\t<\/div>\n<\/div>\t\t\t\t<\/div>\n\t\t\t\t<\/div>\n\t\t\t\t<div class=\"elementor-element elementor-element-57af6b6 elementor-widget elementor-widget-text-editor\" data-id=\"57af6b6\" data-element_type=\"widget\" data-e-type=\"widget\" data-widget_type=\"text-editor.default\">\n\t\t\t\t\t\t\t\t\t<ul style=\"padding-left: 20px; line-height: 1.7; font-size: 16px; letter-spacing: 0.3px; list-style-type: disc;\"><li style=\"margin-bottom: 20px;\">Verantwortung:<br>Jugendliche sollten f\u00fcr ihre Zahnhygiene selbst verantwortlich sein, da sich in Zahnspangen Speisereste und Zahnbelag ansammeln k\u00f6nnen, die zu Karies und Zahnfleischerkrankungen f\u00fchren k\u00f6nnen.<\/li><li style=\"margin-bottom: 20px;\"><strong style=\"font-size: 20px; font-weight: 600; color: #10244b;\">Behandlungsdauer:<\/strong><br>Die kieferorthop\u00e4dische Behandlung im Jugendalter dauert in der Regel 12 bis 18 Monate, je nach Komplexit\u00e4t des Falls. W\u00e4hrend dieser Zeit ist es wichtig, die Kontrolltermine wahrzunehmen, um die Zahnspangen anzupassen und sicherzustellen, dass die Behandlung wie erwartet voranschreitet. <\/li><li style=\"margin-bottom: 20px;\"><strong style=\"font-size: 20px; font-weight: 600; color: #10244b;\">Anpassung und Unbehagen:<\/strong><br>Zu Beginn der Behandlung kann es aufgrund der Bewegung der Z\u00e4hne zu Unbehagen oder Beschwerden kommen. Im Laufe der Behandlung wird die Anpassung an die Zahnspange in der Regel leichter. <\/li><\/ul>\t\t\t\t\t\t\t\t<\/div>\n\t\t\t\t\t<\/div>\r\n\t\t\t\t<\/div>\r\n\t\t<div class=\"elementor-element elementor-element-a17205c e-flex e-con-boxed pxl-column-none pxl-row-scroll-none pxl-zoom-point-false pxl-section-overflow-visible pxl-section-fix-none pxl-full-content-with-space-none pxl-bg-color-none pxl-section-overlay-none e-con e-parent \" data-id=\"a17205c\" data-element_type=\"container\" data-e-type=\"container\">\t\t\t<div class=\"e-con-inner\">\r\n\t\t\t\t<div class=\"elementor-element elementor-element-6a90c31 elementor-widget elementor-widget-pxl_heading\" data-id=\"6a90c31\" data-element_type=\"widget\" data-e-type=\"widget\" data-widget_type=\"pxl_heading.default\">\n\t\t\t\t<div class=\"elementor-widget-container\">\n\t\t\t\t\t<div id=\"pxl-pxl_heading-6a90c31-5191\" class=\"pxl-heading px-sub-title-default-style\">\n\t<div class=\"pxl-heading--inner\">\n\t\t\n\t\t\n\t\t<h2 class=\"pxl-item--title \" data-wow-delay=\"ms\">\n\t\t\tFazit: Kieferorthop\u00e4die kennt keine Altersgrenze\t\t\n\t\t<\/h2>\n\n\t\t\t\t\n\t<\/div>\n<\/div>\t\t\t\t<\/div>\n\t\t\t\t<\/div>\n\t\t\t\t<div class=\"elementor-element elementor-element-cebb16a elementor-widget elementor-widget-text-editor\" data-id=\"cebb16a\" data-element_type=\"widget\" data-e-type=\"widget\" data-widget_type=\"text-editor.default\">\n\t\t\t\t\t\t\t\t\t<p>Obwohl die Pubert\u00e4t aufgrund des aktiven Wachstums ein idealer Zeitpunkt f\u00fcr die Behandlung kieferorthop\u00e4discher Probleme ist, ist sie weder der einzige noch der letzte Zeitpunkt daf\u00fcr.<\/p><p>Kieferorthop\u00e4die ist f\u00fcr Menschen jeden Alters verf\u00fcgbar, und der beste Zeitpunkt f\u00fcr den Beginn einer Behandlung ist dann, wenn der Bedarf festgestellt wurde, die Diagnose angemessen ist und die Priorit\u00e4ten des Patienten ber\u00fccksichtigt werden.<\/p><p>In der heutigen Welt, in der Mundgesundheit und \u00c4sthetik immer mehr an Bedeutung gewinnen, ist die Kieferorthop\u00e4die ein wirkungsvolles Mittel, um nicht nur das L\u00e4cheln, sondern auch die Lebensqualit\u00e4t zu verbessern.<\/p><p>Unabh\u00e4ngig davon, in welcher Phase Sie sich befinden, ist es nie zu sp\u00e4t, anzufangen. Wenn Sie Fragen haben, wenden Sie sich am besten an einen <a href=\"https:\/\/orallagos.pt\/tratamentos\/ortodontia\/\">Kieferorthop\u00e4den<\/a>, der Sie beraten und einen individuellen Plan erstellen kann, der Ihren Bed\u00fcrfnissen und Zielen entspricht. <\/p>\t\t\t\t\t\t\t\t<\/div>\n\t\t\t\t<div class=\"elementor-element elementor-element-b17b8e3 elementor-align-center elementor-widget elementor-widget-button\" data-id=\"b17b8e3\" data-element_type=\"widget\" data-e-type=\"widget\" data-widget_type=\"button.default\">\n\t\t\t\t\t\t\t\t\t\t<a class=\"elementor-button elementor-button-link elementor-size-sm\" href=\"https:\/\/sonrisas.bqdentalcenters.es\/orallagos\/23\/\">\n\t\t\t\t\t\t<span class=\"elementor-button-content-wrapper\">\n\t\t\t\t\t\t\t\t\t<span class=\"elementor-button-text\">Weitere Artikel in der Zeitschrift Sorrisos<\/span>\n\t\t\t\t\t<\/span>\n\t\t\t\t\t<\/a>\n\t\t\t\t\t\t\t\t<\/div>\n\t\t\t\t\t<\/div>\r\n\t\t\t\t<\/div>\r\n\t\t<div class=\"elementor-element elementor-element-d3533cb e-flex e-con-boxed pxl-column-none pxl-row-scroll-none pxl-zoom-point-false pxl-section-overflow-visible pxl-section-fix-none pxl-full-content-with-space-none pxl-bg-color-none pxl-section-overlay-none e-con e-parent \" data-id=\"d3533cb\" data-element_type=\"container\" data-e-type=\"container\">\t\t\t<div class=\"e-con-inner\">\r\n\t\t\t\t<div class=\"elementor-element elementor-element-6c8ebfb elementor-widget elementor-widget-pxl_heading\" data-id=\"6c8ebfb\" data-element_type=\"widget\" data-e-type=\"widget\" data-widget_type=\"pxl_heading.default\">\n\t\t\t\t<div class=\"elementor-widget-container\">\n\t\t\t\t\t<div id=\"pxl-pxl_heading-6c8ebfb-6059\" class=\"pxl-heading px-sub-title-default-style\">\n\t<div class=\"pxl-heading--inner\">\n\t\t\n\t\t\n\t\t<h2 class=\"pxl-item--title \" data-wow-delay=\"ms\">\n\t\t\tKieferorthop\u00e4die FAQs\t\t\n\t\t<\/h2>\n\n\t\t\t\t\n\t<\/div>\n<\/div>\t\t\t\t<\/div>\n\t\t\t\t<\/div>\n\t\t\t\t\t<\/div>\r\n\t\t\t\t<\/div>\r\n\t\t<div class=\"elementor-element elementor-element-da8f7cf e-flex e-con-boxed pxl-column-none pxl-row-scroll-none pxl-zoom-point-false pxl-section-overflow-visible pxl-section-fix-none pxl-full-content-with-space-none pxl-bg-color-none pxl-section-overlay-none e-con e-parent \" data-id=\"da8f7cf\" data-element_type=\"container\" data-e-type=\"container\">\t\t\t<div class=\"e-con-inner\">\r\n\t\t\t\t<div class=\"elementor-element elementor-element-05c6358 elementor-widget elementor-widget-n-accordion\" data-id=\"05c6358\" data-element_type=\"widget\" data-e-type=\"widget\" data-settings=\"{&quot;default_state&quot;:&quot;expanded&quot;,&quot;max_items_expended&quot;:&quot;one&quot;,&quot;n_accordion_animation_duration&quot;:{&quot;unit&quot;:&quot;ms&quot;,&quot;size&quot;:400,&quot;sizes&quot;:[]}}\" data-widget_type=\"nested-accordion.default\">\n\t\t\t\t\t\t\t<div class=\"e-n-accordion\" aria-label=\"Accordion. Open links with Enter or Space, close with Escape, and navigate with Arrow Keys\">\n\t\t\t\t\t\t<details id=\"e-n-accordion-item-6050\" class=\"e-n-accordion-item\" open>\n\t\t\t\t<summary class=\"e-n-accordion-item-title\" data-accordion-index=\"1\" tabindex=\"0\" aria-expanded=\"true\" aria-controls=\"e-n-accordion-item-6050\" >\n\t\t\t\t\t<span class='e-n-accordion-item-title-header'><div class=\"e-n-accordion-item-title-text\"> Ist die Pubert\u00e4t die einzige Zeit, in der eine kieferorthop\u00e4dische Behandlung m\u00f6glich ist? <\/div><\/span>\n\t\t\t\t\t\t\t<span class='e-n-accordion-item-title-icon'>\n\t\t\t<span class='e-opened' ><i aria-hidden=\"true\" class=\"fas fa-minus\"><\/i><\/span>\n\t\t\t<span class='e-closed'><i aria-hidden=\"true\" class=\"fas fa-plus\"><\/i><\/span>\n\t\t<\/span>\n\n\t\t\t\t\t\t<\/summary>\n\t\t\t\t<div role=\"region\" aria-labelledby=\"e-n-accordion-item-6050\" class=\"elementor-element elementor-element-3fea7bc e-con-full e-flex pxl-column-none pxl-row-scroll-none pxl-zoom-point-false pxl-section-overflow-visible pxl-section-fix-none pxl-full-content-with-space-none pxl-bg-color-none pxl-section-overlay-none e-con e-child \" data-id=\"3fea7bc\" data-element_type=\"container\" data-e-type=\"container\">\t\t<div class=\"elementor-element elementor-element-6762622 elementor-widget elementor-widget-text-editor\" data-id=\"6762622\" data-element_type=\"widget\" data-e-type=\"widget\" data-widget_type=\"text-editor.default\">\n\t\t\t\t\t\t\t\t\t<p>Nein. Obwohl das Jugendalter (12\u201318 Jahre) aufgrund des aktiven Knochenwachstums als ideal gilt, kann eine kieferorthop\u00e4dische Behandlung in jedem Alter durchgef\u00fchrt werden. Etwa 25 % der aktuellen kieferorthop\u00e4dischen Patienten sind Erwachsene, und es gibt auch interceptive Behandlungen f\u00fcr Kinder zwischen 6 und 10 Jahren.  <\/p>\t\t\t\t\t\t\t\t<\/div>\n\t\t\t\t<\/div>\r\n\t\t\t\t\t<\/details>\n\t\t\t\t\t\t<details id=\"e-n-accordion-item-6051\" class=\"e-n-accordion-item\" >\n\t\t\t\t<summary class=\"e-n-accordion-item-title\" data-accordion-index=\"2\" tabindex=\"-1\" aria-expanded=\"false\" aria-controls=\"e-n-accordion-item-6051\" >\n\t\t\t\t\t<span class='e-n-accordion-item-title-header'><div class=\"e-n-accordion-item-title-text\"> Warum gilt die Pubert\u00e4t als die beste Phase f\u00fcr eine kieferorthop\u00e4dische Behandlung? <\/div><\/span>\n\t\t\t\t\t\t\t<span class='e-n-accordion-item-title-icon'>\n\t\t\t<span class='e-opened' ><i aria-hidden=\"true\" class=\"fas fa-minus\"><\/i><\/span>\n\t\t\t<span class='e-closed'><i aria-hidden=\"true\" class=\"fas fa-plus\"><\/i><\/span>\n\t\t<\/span>\n\n\t\t\t\t\t\t<\/summary>\n\t\t\t\t<div role=\"region\" aria-labelledby=\"e-n-accordion-item-6051\" class=\"elementor-element elementor-element-c6c7d1f e-con-full e-flex pxl-column-none pxl-row-scroll-none pxl-zoom-point-false pxl-section-overflow-visible pxl-section-fix-none pxl-full-content-with-space-none pxl-bg-color-none pxl-section-overlay-none e-con e-child \" data-id=\"c6c7d1f\" data-element_type=\"container\" data-e-type=\"container\">\t\t<div class=\"elementor-element elementor-element-9aa907c elementor-widget elementor-widget-text-editor\" data-id=\"9aa907c\" data-element_type=\"widget\" data-e-type=\"widget\" data-widget_type=\"text-editor.default\">\n\t\t\t\t\t\t\t\t\t<p>Im Jugendalter befinden sich die Kieferknochen noch in der Entwicklung, was die Korrektur von Skelett- und Zahnfehlstellungen erleichtert. Au\u00dferdem sind die meisten bleibenden Z\u00e4hne bereits durchgebrochen, was eine umfassende Behandlung mit schnelleren Ergebnissen erm\u00f6glicht. <\/p>\t\t\t\t\t\t\t\t<\/div>\n\t\t\t\t<\/div>\r\n\t\t\t\t\t<\/details>\n\t\t\t\t\t\t<details id=\"e-n-accordion-item-6052\" class=\"e-n-accordion-item\" >\n\t\t\t\t<summary class=\"e-n-accordion-item-title\" data-accordion-index=\"3\" tabindex=\"-1\" aria-expanded=\"false\" aria-controls=\"e-n-accordion-item-6052\" >\n\t\t\t\t\t<span class='e-n-accordion-item-title-header'><div class=\"e-n-accordion-item-title-text\"> Welche Arten von Zahnspangen gibt es f\u00fcr Jugendliche? <\/div><\/span>\n\t\t\t\t\t\t\t<span class='e-n-accordion-item-title-icon'>\n\t\t\t<span class='e-opened' ><i aria-hidden=\"true\" class=\"fas fa-minus\"><\/i><\/span>\n\t\t\t<span class='e-closed'><i aria-hidden=\"true\" class=\"fas fa-plus\"><\/i><\/span>\n\t\t<\/span>\n\n\t\t\t\t\t\t<\/summary>\n\t\t\t\t<div role=\"region\" aria-labelledby=\"e-n-accordion-item-6052\" class=\"elementor-element elementor-element-8c01d4e e-con-full e-flex pxl-column-none pxl-row-scroll-none pxl-zoom-point-false pxl-section-overflow-visible pxl-section-fix-none pxl-full-content-with-space-none pxl-bg-color-none pxl-section-overlay-none e-con e-child \" data-id=\"8c01d4e\" data-element_type=\"container\" data-e-type=\"container\">\t\t<div class=\"elementor-element elementor-element-1ef4d88 elementor-widget elementor-widget-text-editor\" data-id=\"1ef4d88\" data-element_type=\"widget\" data-e-type=\"widget\" data-widget_type=\"text-editor.default\">\n\t\t\t\t\t\t\t\t\t<p>Die wichtigsten Arten sind: Metallbrackets (die g\u00e4ngigsten), \u00e4sthetische Brackets (Keramik oder Saphir, weniger sichtbar), transparente Aligner (diskret und herausnehmbar) und Hilfsger\u00e4te wie Kieferexpander f\u00fcr bestimmte F\u00e4lle.<\/p>\t\t\t\t\t\t\t\t<\/div>\n\t\t\t\t<\/div>\r\n\t\t\t\t\t<\/details>\n\t\t\t\t\t\t<details id=\"e-n-accordion-item-6053\" class=\"e-n-accordion-item\" >\n\t\t\t\t<summary class=\"e-n-accordion-item-title\" data-accordion-index=\"4\" tabindex=\"-1\" aria-expanded=\"false\" aria-controls=\"e-n-accordion-item-6053\" >\n\t\t\t\t\t<span class='e-n-accordion-item-title-header'><div class=\"e-n-accordion-item-title-text\"> Wie lange dauert eine kieferorthop\u00e4dische Behandlung im Jugendalter? <\/div><\/span>\n\t\t\t\t\t\t\t<span class='e-n-accordion-item-title-icon'>\n\t\t\t<span class='e-opened' ><i aria-hidden=\"true\" class=\"fas fa-minus\"><\/i><\/span>\n\t\t\t<span class='e-closed'><i aria-hidden=\"true\" class=\"fas fa-plus\"><\/i><\/span>\n\t\t<\/span>\n\n\t\t\t\t\t\t<\/summary>\n\t\t\t\t<div role=\"region\" aria-labelledby=\"e-n-accordion-item-6053\" class=\"elementor-element elementor-element-f09e5e2 e-con-full e-flex pxl-column-none pxl-row-scroll-none pxl-zoom-point-false pxl-section-overflow-visible pxl-section-fix-none pxl-full-content-with-space-none pxl-bg-color-none pxl-section-overlay-none e-con e-child \" data-id=\"f09e5e2\" data-element_type=\"container\" data-e-type=\"container\">\t\t<div class=\"elementor-element elementor-element-c41b85a elementor-widget elementor-widget-text-editor\" data-id=\"c41b85a\" data-element_type=\"widget\" data-e-type=\"widget\" data-widget_type=\"text-editor.default\">\n\t\t\t\t\t\t\t\t\t<p>Die kieferorthop\u00e4dische Behandlung im Jugendalter dauert in der Regel zwischen 12 und 18 Monaten, je nach Komplexit\u00e4t des Falls. W\u00e4hrend dieser Zeit sind regelm\u00e4\u00dfige Kontrolltermine erforderlich, um Anpassungen vorzunehmen und den Fortschritt zu \u00fcberwachen. <\/p>\t\t\t\t\t\t\t\t<\/div>\n\t\t\t\t<\/div>\r\n\t\t\t\t\t<\/details>\n\t\t\t\t\t\t<details id=\"e-n-accordion-item-6054\" class=\"e-n-accordion-item\" >\n\t\t\t\t<summary class=\"e-n-accordion-item-title\" data-accordion-index=\"5\" tabindex=\"-1\" aria-expanded=\"false\" aria-controls=\"e-n-accordion-item-6054\" >\n\t\t\t\t\t<span class='e-n-accordion-item-title-header'><div class=\"e-n-accordion-item-title-text\"> Was sind die h\u00e4ufigsten Zahnprobleme, die bei Jugendlichen mit Kieferorthop\u00e4die korrigiert werden? <\/div><\/span>\n\t\t\t\t\t\t\t<span class='e-n-accordion-item-title-icon'>\n\t\t\t<span class='e-opened' ><i aria-hidden=\"true\" class=\"fas fa-minus\"><\/i><\/span>\n\t\t\t<span class='e-closed'><i aria-hidden=\"true\" class=\"fas fa-plus\"><\/i><\/span>\n\t\t<\/span>\n\n\t\t\t\t\t\t<\/summary>\n\t\t\t\t<div role=\"region\" aria-labelledby=\"e-n-accordion-item-6054\" class=\"elementor-element elementor-element-40e8030 e-con-full e-flex pxl-column-none pxl-row-scroll-none pxl-zoom-point-false pxl-section-overflow-visible pxl-section-fix-none pxl-full-content-with-space-none pxl-bg-color-none pxl-section-overlay-none e-con e-child \" data-id=\"40e8030\" data-element_type=\"container\" data-e-type=\"container\">\t\t<div class=\"elementor-element elementor-element-4786184 elementor-widget elementor-widget-text-editor\" data-id=\"4786184\" data-element_type=\"widget\" data-e-type=\"widget\" data-widget_type=\"text-editor.default\">\n\t\t\t\t\t\t\t\t\t<p>Zu den h\u00e4ufigsten Fehlstellungen z\u00e4hlen: Zahnengst\u00e4nde, \u00dcberbisse (Klasse II), offene Bisse, Kreuzbisse, Diastemata (Zahnl\u00fccken) und ektopische Durchbr\u00fcche von Eckz\u00e4hnen.<\/p>\t\t\t\t\t\t\t\t<\/div>\n\t\t\t\t<\/div>\r\n\t\t\t\t\t<\/details>\n\t\t\t\t\t\t<details id=\"e-n-accordion-item-6055\" class=\"e-n-accordion-item\" >\n\t\t\t\t<summary class=\"e-n-accordion-item-title\" data-accordion-index=\"6\" tabindex=\"-1\" aria-expanded=\"false\" aria-controls=\"e-n-accordion-item-6055\" >\n\t\t\t\t\t<span class='e-n-accordion-item-title-header'><div class=\"e-n-accordion-item-title-text\"> K\u00f6nnen Erwachsene mit denselben Ergebnissen wie Jugendliche eine kieferorthop\u00e4dische Behandlung durchf\u00fchren lassen? <\/div><\/span>\n\t\t\t\t\t\t\t<span class='e-n-accordion-item-title-icon'>\n\t\t\t<span class='e-opened' ><i aria-hidden=\"true\" class=\"fas fa-minus\"><\/i><\/span>\n\t\t\t<span class='e-closed'><i aria-hidden=\"true\" class=\"fas fa-plus\"><\/i><\/span>\n\t\t<\/span>\n\n\t\t\t\t\t\t<\/summary>\n\t\t\t\t<div role=\"region\" aria-labelledby=\"e-n-accordion-item-6055\" class=\"elementor-element elementor-element-c919d17 e-con-full e-flex pxl-column-none pxl-row-scroll-none pxl-zoom-point-false pxl-section-overflow-visible pxl-section-fix-none pxl-full-content-with-space-none pxl-bg-color-none pxl-section-overlay-none e-con e-child \" data-id=\"c919d17\" data-element_type=\"container\" data-e-type=\"container\">\t\t<div class=\"elementor-element elementor-element-9592164 elementor-widget elementor-widget-text-editor\" data-id=\"9592164\" data-element_type=\"widget\" data-e-type=\"widget\" data-widget_type=\"text-editor.default\">\n\t\t\t\t\t\t\t\t\t<p>Ja, die Ergebnisse sind bei Erwachsenen ebenso effektiv. Obwohl das Knochenwachstum zum Stillstand gekommen ist, k\u00f6nnen die Z\u00e4hne durch mechanische Kr\u00e4fte bewegt werden. Es kann einige zus\u00e4tzliche Einschr\u00e4nkungen geben, wie beispielsweise vorhandene Implantate oder Parodontitis.  <\/p>\t\t\t\t\t\t\t\t<\/div>\n\t\t\t\t<\/div>\r\n\t\t\t\t\t<\/details>\n\t\t\t\t\t<\/div>\n\t\t\t\t\t\t<\/div>\n\t\t\t\t\t<\/div>\r\n\t\t\t\t<\/div>\r\n\t\t<div class=\"elementor-element elementor-element-5cb0410 e-flex e-con-boxed pxl-column-none pxl-row-scroll-none pxl-zoom-point-false pxl-section-overflow-visible pxl-section-fix-none pxl-full-content-with-space-none pxl-bg-color-none pxl-section-overlay-none e-con e-parent \" data-id=\"5cb0410\" data-element_type=\"container\" data-e-type=\"container\">\t\t\t<div class=\"e-con-inner\">\r\n\t\t\t\t\t<\/div>\r\n\t\t\t\t<\/div>\r\n\t\t\t\t<\/div>\n\t\t","protected":false},"excerpt":{"rendered":"<p>Artikel verfasst von: Dr. Carmen Lorente &nbsp; Ist die Pubert\u00e4t der beste und einzige Zeitpunkt f\u00fcr eine kieferorthop\u00e4dische Behandlung? Jahrzehntelang wurde die Kieferorthop\u00e4die vor allem mit dem Jugendalter in Verbindung gebracht. In dieser Lebensphase stehen neben den k\u00f6rperlichen und emotionalen Ver\u00e4nderungen oft auch die Z\u00e4hne im Mittelpunkt der Aufmerksamkeit. Aber ist die Pubert\u00e4t wirklich der [&hellip;]<\/p>\n","protected":false},"author":2,"featured_media":6816,"comment_status":"open","ping_status":"open","sticky":false,"template":"","format":"standard","meta":{"footnotes":""},"categories":[59],"tags":[60,85],"class_list":["post-6878","post","type-post","status-publish","format-standard","has-post-thumbnail","hentry","category-allgemein","tag-allgemein","tag-kieferorthopadie"],"yoast_head":"<!-- This site is optimized with the Yoast SEO plugin v26.9 - https:\/\/yoast.com\/product\/yoast-seo-wordpress\/ -->\n<title>Ortodontia, a adolesc\u00eancia \u00e9 a melhor e \u00fanica altura?<\/title>\n<meta name=\"description\" content=\"Kieferorthop\u00e4die im Jugendalter: Vorteile des Knochenwachstums, Arten von Zahnspangen und reale F\u00e4lle. Finden Sie heraus, ob dies der beste Zeitpunkt ist, um Ihr L\u00e4cheln zu korrigieren.\" \/>\n<meta name=\"robots\" content=\"index, follow, max-snippet:-1, max-image-preview:large, max-video-preview:-1\" \/>\n<link rel=\"canonical\" href=\"https:\/\/orallagos.pt\/de\/kieferorthopaedie-ist-das-jugendalter-der-beste-und-einzige-zeitpunkt\/\" \/>\n<meta property=\"og:locale\" content=\"de_DE\" \/>\n<meta property=\"og:type\" content=\"article\" \/>\n<meta property=\"og:title\" content=\"Ortodontia, a adolesc\u00eancia \u00e9 a melhor e \u00fanica altura?\" \/>\n<meta property=\"og:description\" content=\"Kieferorthop\u00e4die im Jugendalter: Vorteile des Knochenwachstums, Arten von Zahnspangen und reale F\u00e4lle. Finden Sie heraus, ob dies der beste Zeitpunkt ist, um Ihr L\u00e4cheln zu korrigieren.\" \/>\n<meta property=\"og:url\" content=\"https:\/\/orallagos.pt\/de\/kieferorthopaedie-ist-das-jugendalter-der-beste-und-einzige-zeitpunkt\/\" \/>\n<meta property=\"og:site_name\" content=\"Orallagos\" \/>\n<meta property=\"article:publisher\" content=\"https:\/\/www.facebook.com\/orallagosclinica\" \/>\n<meta property=\"article:published_time\" content=\"2025-12-03T14:56:33+00:00\" \/>\n<meta property=\"article:modified_time\" content=\"2025-12-09T15:25:52+00:00\" \/>\n<meta name=\"author\" content=\"leandroreisda\" \/>\n<meta name=\"twitter:card\" content=\"summary_large_image\" \/>\n<meta name=\"twitter:label1\" content=\"Verfasst von\" \/>\n\t<meta name=\"twitter:data1\" content=\"leandroreisda\" \/>\n\t<meta name=\"twitter:label2\" content=\"Gesch\u00e4tzte Lesezeit\" \/>\n\t<meta name=\"twitter:data2\" content=\"10\u00a0Minuten\" \/>\n<script type=\"application\/ld+json\" class=\"yoast-schema-graph\">{\"@context\":\"https:\/\/schema.org\",\"@graph\":[{\"@type\":\"Article\",\"@id\":\"https:\/\/orallagos.pt\/de\/kieferorthopaedie-ist-das-jugendalter-der-beste-und-einzige-zeitpunkt\/#article\",\"isPartOf\":{\"@id\":\"https:\/\/orallagos.pt\/de\/kieferorthopaedie-ist-das-jugendalter-der-beste-und-einzige-zeitpunkt\/\"},\"author\":{\"name\":\"leandroreisda\",\"@id\":\"https:\/\/orallagos.pt\/#\/schema\/person\/05363ea51778479b4cdbdc0971767fca\"},\"headline\":\"Kieferorthop\u00e4die \u2013 ist das Jugendalter der beste und einzige Zeitpunkt?\",\"datePublished\":\"2025-12-03T14:56:33+00:00\",\"dateModified\":\"2025-12-09T15:25:52+00:00\",\"mainEntityOfPage\":{\"@id\":\"https:\/\/orallagos.pt\/de\/kieferorthopaedie-ist-das-jugendalter-der-beste-und-einzige-zeitpunkt\/\"},\"wordCount\":1920,\"commentCount\":0,\"publisher\":{\"@id\":\"https:\/\/orallagos.pt\/#organization\"},\"image\":{\"@id\":\"https:\/\/orallagos.pt\/de\/kieferorthopaedie-ist-das-jugendalter-der-beste-und-einzige-zeitpunkt\/#primaryimage\"},\"thumbnailUrl\":\"https:\/\/orallagos.pt\/wp-content\/uploads\/2025\/12\/pleased-woman-dental-braces-taking-selfie-scaled.avif\",\"keywords\":{\"1\":\"Kieferorthop\u00e4die\"},\"inLanguage\":\"de\",\"potentialAction\":[{\"@type\":\"CommentAction\",\"name\":\"Comment\",\"target\":[\"https:\/\/orallagos.pt\/de\/kieferorthopaedie-ist-das-jugendalter-der-beste-und-einzige-zeitpunkt\/#respond\"]}]},{\"@type\":\"WebPage\",\"@id\":\"https:\/\/orallagos.pt\/de\/kieferorthopaedie-ist-das-jugendalter-der-beste-und-einzige-zeitpunkt\/\",\"url\":\"https:\/\/orallagos.pt\/de\/kieferorthopaedie-ist-das-jugendalter-der-beste-und-einzige-zeitpunkt\/\",\"name\":\"Ortodontia, a adolesc\u00eancia \u00e9 a melhor e \u00fanica altura?\",\"isPartOf\":{\"@id\":\"https:\/\/orallagos.pt\/#website\"},\"primaryImageOfPage\":{\"@id\":\"https:\/\/orallagos.pt\/de\/kieferorthopaedie-ist-das-jugendalter-der-beste-und-einzige-zeitpunkt\/#primaryimage\"},\"image\":{\"@id\":\"https:\/\/orallagos.pt\/de\/kieferorthopaedie-ist-das-jugendalter-der-beste-und-einzige-zeitpunkt\/#primaryimage\"},\"thumbnailUrl\":\"https:\/\/orallagos.pt\/wp-content\/uploads\/2025\/12\/pleased-woman-dental-braces-taking-selfie-scaled.avif\",\"datePublished\":\"2025-12-03T14:56:33+00:00\",\"dateModified\":\"2025-12-09T15:25:52+00:00\",\"description\":\"Kieferorthop\u00e4die im Jugendalter: Vorteile des Knochenwachstums, Arten von Zahnspangen und reale F\u00e4lle. Finden Sie heraus, ob dies der beste Zeitpunkt ist, um Ihr L\u00e4cheln zu korrigieren.\",\"breadcrumb\":{\"@id\":\"https:\/\/orallagos.pt\/de\/kieferorthopaedie-ist-das-jugendalter-der-beste-und-einzige-zeitpunkt\/#breadcrumb\"},\"inLanguage\":\"de\",\"potentialAction\":[{\"@type\":\"ReadAction\",\"target\":[\"https:\/\/orallagos.pt\/de\/kieferorthopaedie-ist-das-jugendalter-der-beste-und-einzige-zeitpunkt\/\"]}]},{\"@type\":\"ImageObject\",\"inLanguage\":\"de\",\"@id\":\"https:\/\/orallagos.pt\/de\/kieferorthopaedie-ist-das-jugendalter-der-beste-und-einzige-zeitpunkt\/#primaryimage\",\"url\":\"https:\/\/orallagos.pt\/wp-content\/uploads\/2025\/12\/pleased-woman-dental-braces-taking-selfie-scaled.avif\",\"contentUrl\":\"https:\/\/orallagos.pt\/wp-content\/uploads\/2025\/12\/pleased-woman-dental-braces-taking-selfie-scaled.avif\",\"width\":2560,\"height\":1707},{\"@type\":\"BreadcrumbList\",\"@id\":\"https:\/\/orallagos.pt\/de\/kieferorthopaedie-ist-das-jugendalter-der-beste-und-einzige-zeitpunkt\/#breadcrumb\",\"itemListElement\":[{\"@type\":\"ListItem\",\"position\":1,\"name\":\"Home\",\"item\":\"https:\/\/orallagos.pt\/de\/\"},{\"@type\":\"ListItem\",\"position\":2,\"name\":\"Kieferorthop\u00e4die \u2013 ist das Jugendalter der beste und einzige Zeitpunkt?\"}]},{\"@type\":\"WebSite\",\"@id\":\"https:\/\/orallagos.pt\/#website\",\"url\":\"https:\/\/orallagos.pt\/\",\"name\":\"Orallagos\",\"description\":\"\",\"publisher\":{\"@id\":\"https:\/\/orallagos.pt\/#organization\"},\"potentialAction\":[{\"@type\":\"SearchAction\",\"target\":{\"@type\":\"EntryPoint\",\"urlTemplate\":\"https:\/\/orallagos.pt\/?s={search_term_string}\"},\"query-input\":{\"@type\":\"PropertyValueSpecification\",\"valueRequired\":true,\"valueName\":\"search_term_string\"}}],\"inLanguage\":\"de\"},{\"@type\":\"Organization\",\"@id\":\"https:\/\/orallagos.pt\/#organization\",\"name\":\"Orallagos\",\"url\":\"https:\/\/orallagos.pt\/\",\"logo\":{\"@type\":\"ImageObject\",\"inLanguage\":\"de\",\"@id\":\"https:\/\/orallagos.pt\/#\/schema\/logo\/image\/\",\"url\":\"https:\/\/orallagos.pt\/wp-content\/uploads\/2025\/08\/cropped-cropped-orallagos-logo-blue-.png\",\"contentUrl\":\"https:\/\/orallagos.pt\/wp-content\/uploads\/2025\/08\/cropped-cropped-orallagos-logo-blue-.png\",\"width\":229,\"height\":63,\"caption\":\"Orallagos\"},\"image\":{\"@id\":\"https:\/\/orallagos.pt\/#\/schema\/logo\/image\/\"},\"sameAs\":[\"https:\/\/www.facebook.com\/orallagosclinica\",\"https:\/\/www.instagram.com\/orallagosclinica\/\",\"https:\/\/www.linkedin.com\/company\/orallagos---centro-dent-rio-especializado\/about\/\"]},{\"@type\":\"Person\",\"@id\":\"https:\/\/orallagos.pt\/#\/schema\/person\/05363ea51778479b4cdbdc0971767fca\",\"name\":\"leandroreisda\",\"image\":{\"@type\":\"ImageObject\",\"inLanguage\":\"de\",\"@id\":\"https:\/\/orallagos.pt\/#\/schema\/person\/image\/\",\"url\":\"https:\/\/orallagos.pt\/wp-content\/plugins\/one-user-avatar\/assets\/images\/wpua-96x96.png\",\"contentUrl\":\"https:\/\/orallagos.pt\/wp-content\/plugins\/one-user-avatar\/assets\/images\/wpua-96x96.png\",\"caption\":\"leandroreisda\"},\"url\":\"https:\/\/orallagos.pt\/de\/author\/leandroreisda\/\"}]}<\/script>\n<!-- \/ Yoast SEO plugin. -->","yoast_head_json":{"title":"Ortodontia, a adolesc\u00eancia \u00e9 a melhor e \u00fanica altura?","description":"Kieferorthop\u00e4die im Jugendalter: Vorteile des Knochenwachstums, Arten von Zahnspangen und reale F\u00e4lle. Finden Sie heraus, ob dies der beste Zeitpunkt ist, um Ihr L\u00e4cheln zu korrigieren.","robots":{"index":"index","follow":"follow","max-snippet":"max-snippet:-1","max-image-preview":"max-image-preview:large","max-video-preview":"max-video-preview:-1"},"canonical":"https:\/\/orallagos.pt\/de\/kieferorthopaedie-ist-das-jugendalter-der-beste-und-einzige-zeitpunkt\/","og_locale":"de_DE","og_type":"article","og_title":"Ortodontia, a adolesc\u00eancia \u00e9 a melhor e \u00fanica altura?","og_description":"Kieferorthop\u00e4die im Jugendalter: Vorteile des Knochenwachstums, Arten von Zahnspangen und reale F\u00e4lle. Finden Sie heraus, ob dies der beste Zeitpunkt ist, um Ihr L\u00e4cheln zu korrigieren.","og_url":"https:\/\/orallagos.pt\/de\/kieferorthopaedie-ist-das-jugendalter-der-beste-und-einzige-zeitpunkt\/","og_site_name":"Orallagos","article_publisher":"https:\/\/www.facebook.com\/orallagosclinica","article_published_time":"2025-12-03T14:56:33+00:00","article_modified_time":"2025-12-09T15:25:52+00:00","author":"leandroreisda","twitter_card":"summary_large_image","twitter_misc":{"Verfasst von":"leandroreisda","Gesch\u00e4tzte Lesezeit":"10\u00a0Minuten"},"schema":{"@context":"https:\/\/schema.org","@graph":[{"@type":"Article","@id":"https:\/\/orallagos.pt\/de\/kieferorthopaedie-ist-das-jugendalter-der-beste-und-einzige-zeitpunkt\/#article","isPartOf":{"@id":"https:\/\/orallagos.pt\/de\/kieferorthopaedie-ist-das-jugendalter-der-beste-und-einzige-zeitpunkt\/"},"author":{"name":"leandroreisda","@id":"https:\/\/orallagos.pt\/#\/schema\/person\/05363ea51778479b4cdbdc0971767fca"},"headline":"Kieferorthop\u00e4die \u2013 ist das Jugendalter der beste und einzige Zeitpunkt?","datePublished":"2025-12-03T14:56:33+00:00","dateModified":"2025-12-09T15:25:52+00:00","mainEntityOfPage":{"@id":"https:\/\/orallagos.pt\/de\/kieferorthopaedie-ist-das-jugendalter-der-beste-und-einzige-zeitpunkt\/"},"wordCount":1920,"commentCount":0,"publisher":{"@id":"https:\/\/orallagos.pt\/#organization"},"image":{"@id":"https:\/\/orallagos.pt\/de\/kieferorthopaedie-ist-das-jugendalter-der-beste-und-einzige-zeitpunkt\/#primaryimage"},"thumbnailUrl":"https:\/\/orallagos.pt\/wp-content\/uploads\/2025\/12\/pleased-woman-dental-braces-taking-selfie-scaled.avif","keywords":{"1":"Kieferorthop\u00e4die"},"inLanguage":"de","potentialAction":[{"@type":"CommentAction","name":"Comment","target":["https:\/\/orallagos.pt\/de\/kieferorthopaedie-ist-das-jugendalter-der-beste-und-einzige-zeitpunkt\/#respond"]}]},{"@type":"WebPage","@id":"https:\/\/orallagos.pt\/de\/kieferorthopaedie-ist-das-jugendalter-der-beste-und-einzige-zeitpunkt\/","url":"https:\/\/orallagos.pt\/de\/kieferorthopaedie-ist-das-jugendalter-der-beste-und-einzige-zeitpunkt\/","name":"Ortodontia, a adolesc\u00eancia \u00e9 a melhor e \u00fanica altura?","isPartOf":{"@id":"https:\/\/orallagos.pt\/#website"},"primaryImageOfPage":{"@id":"https:\/\/orallagos.pt\/de\/kieferorthopaedie-ist-das-jugendalter-der-beste-und-einzige-zeitpunkt\/#primaryimage"},"image":{"@id":"https:\/\/orallagos.pt\/de\/kieferorthopaedie-ist-das-jugendalter-der-beste-und-einzige-zeitpunkt\/#primaryimage"},"thumbnailUrl":"https:\/\/orallagos.pt\/wp-content\/uploads\/2025\/12\/pleased-woman-dental-braces-taking-selfie-scaled.avif","datePublished":"2025-12-03T14:56:33+00:00","dateModified":"2025-12-09T15:25:52+00:00","description":"Kieferorthop\u00e4die im Jugendalter: Vorteile des Knochenwachstums, Arten von Zahnspangen und reale F\u00e4lle. Finden Sie heraus, ob dies der beste Zeitpunkt ist, um Ihr L\u00e4cheln zu korrigieren.","breadcrumb":{"@id":"https:\/\/orallagos.pt\/de\/kieferorthopaedie-ist-das-jugendalter-der-beste-und-einzige-zeitpunkt\/#breadcrumb"},"inLanguage":"de","potentialAction":[{"@type":"ReadAction","target":["https:\/\/orallagos.pt\/de\/kieferorthopaedie-ist-das-jugendalter-der-beste-und-einzige-zeitpunkt\/"]}]},{"@type":"ImageObject","inLanguage":"de","@id":"https:\/\/orallagos.pt\/de\/kieferorthopaedie-ist-das-jugendalter-der-beste-und-einzige-zeitpunkt\/#primaryimage","url":"https:\/\/orallagos.pt\/wp-content\/uploads\/2025\/12\/pleased-woman-dental-braces-taking-selfie-scaled.avif","contentUrl":"https:\/\/orallagos.pt\/wp-content\/uploads\/2025\/12\/pleased-woman-dental-braces-taking-selfie-scaled.avif","width":2560,"height":1707},{"@type":"BreadcrumbList","@id":"https:\/\/orallagos.pt\/de\/kieferorthopaedie-ist-das-jugendalter-der-beste-und-einzige-zeitpunkt\/#breadcrumb","itemListElement":[{"@type":"ListItem","position":1,"name":"Home","item":"https:\/\/orallagos.pt\/de\/"},{"@type":"ListItem","position":2,"name":"Kieferorthop\u00e4die \u2013 ist das Jugendalter der beste und einzige Zeitpunkt?"}]},{"@type":"WebSite","@id":"https:\/\/orallagos.pt\/#website","url":"https:\/\/orallagos.pt\/","name":"Orallagos","description":"","publisher":{"@id":"https:\/\/orallagos.pt\/#organization"},"potentialAction":[{"@type":"SearchAction","target":{"@type":"EntryPoint","urlTemplate":"https:\/\/orallagos.pt\/?s={search_term_string}"},"query-input":{"@type":"PropertyValueSpecification","valueRequired":true,"valueName":"search_term_string"}}],"inLanguage":"de"},{"@type":"Organization","@id":"https:\/\/orallagos.pt\/#organization","name":"Orallagos","url":"https:\/\/orallagos.pt\/","logo":{"@type":"ImageObject","inLanguage":"de","@id":"https:\/\/orallagos.pt\/#\/schema\/logo\/image\/","url":"https:\/\/orallagos.pt\/wp-content\/uploads\/2025\/08\/cropped-cropped-orallagos-logo-blue-.png","contentUrl":"https:\/\/orallagos.pt\/wp-content\/uploads\/2025\/08\/cropped-cropped-orallagos-logo-blue-.png","width":229,"height":63,"caption":"Orallagos"},"image":{"@id":"https:\/\/orallagos.pt\/#\/schema\/logo\/image\/"},"sameAs":["https:\/\/www.facebook.com\/orallagosclinica","https:\/\/www.instagram.com\/orallagosclinica\/","https:\/\/www.linkedin.com\/company\/orallagos---centro-dent-rio-especializado\/about\/"]},{"@type":"Person","@id":"https:\/\/orallagos.pt\/#\/schema\/person\/05363ea51778479b4cdbdc0971767fca","name":"leandroreisda","image":{"@type":"ImageObject","inLanguage":"de","@id":"https:\/\/orallagos.pt\/#\/schema\/person\/image\/","url":"https:\/\/orallagos.pt\/wp-content\/plugins\/one-user-avatar\/assets\/images\/wpua-96x96.png","contentUrl":"https:\/\/orallagos.pt\/wp-content\/plugins\/one-user-avatar\/assets\/images\/wpua-96x96.png","caption":"leandroreisda"},"url":"https:\/\/orallagos.pt\/de\/author\/leandroreisda\/"}]}},"_links":{"self":[{"href":"https:\/\/orallagos.pt\/de\/wp-json\/wp\/v2\/posts\/6878","targetHints":{"allow":["GET"]}}],"collection":[{"href":"https:\/\/orallagos.pt\/de\/wp-json\/wp\/v2\/posts"}],"about":[{"href":"https:\/\/orallagos.pt\/de\/wp-json\/wp\/v2\/types\/post"}],"author":[{"embeddable":true,"href":"https:\/\/orallagos.pt\/de\/wp-json\/wp\/v2\/users\/2"}],"replies":[{"embeddable":true,"href":"https:\/\/orallagos.pt\/de\/wp-json\/wp\/v2\/comments?post=6878"}],"version-history":[{"count":1,"href":"https:\/\/orallagos.pt\/de\/wp-json\/wp\/v2\/posts\/6878\/revisions"}],"predecessor-version":[{"id":6880,"href":"https:\/\/orallagos.pt\/de\/wp-json\/wp\/v2\/posts\/6878\/revisions\/6880"}],"wp:featuredmedia":[{"embeddable":true,"href":"https:\/\/orallagos.pt\/de\/wp-json\/wp\/v2\/media\/6816"}],"wp:attachment":[{"href":"https:\/\/orallagos.pt\/de\/wp-json\/wp\/v2\/media?parent=6878"}],"wp:term":[{"taxonomy":"category","embeddable":true,"href":"https:\/\/orallagos.pt\/de\/wp-json\/wp\/v2\/categories?post=6878"},{"taxonomy":"post_tag","embeddable":true,"href":"https:\/\/orallagos.pt\/de\/wp-json\/wp\/v2\/tags?post=6878"}],"curies":[{"name":"wp","href":"https:\/\/api.w.org\/{rel}","templated":true}]}}